{"id":2893,"date":"2022-01-18T09:47:45","date_gmt":"2022-01-18T08:47:45","guid":{"rendered":"https:\/\/agora.xtec.cat\/instarragona\/?p=2893"},"modified":"2022-01-21T15:13:44","modified_gmt":"2022-01-21T14:13:44","slug":"entrevistem-a-la-nostra-directora","status":"publish","type":"post","link":"https:\/\/agora.xtec.cat\/instarragona\/eso\/eso-2\/entrevistem-a-la-nostra-directora\/","title":{"rendered":"Entrevistem la nostra directora"},"content":{"rendered":"<h3><span style=\"color: #339966;\"><strong>MARTA VALLINOTO<\/strong><\/span><\/h3>\n<h3><span style=\"font-weight: 400; color: #339966;\">Directora de l\u2019Institut Tarragona<\/span><\/h3>\n<p><span style=\"font-weight: 400;\">El alumnes de 2n ESO D de l\u2019Institut Tarragona hem realitzat el q\u00fcestionari Proust, formulat per 31 preguntes, a la directora del centre, la Sra. Marta Vallinoto. Cada alumne li ha fet 1 o 2 preguntes del q\u00fcestionari, durant la classe de llengua catalana, i ella ens ha respost de forma sincera i raonada.\u00a0 Agra\u00efm la seva dedicaci\u00f3 i esperem que amb aquesta entrevista pugueu con\u00e8ixer millor la directora del nostre centre.<\/span><\/p>\n<ul>\n<li aria-level=\"1\"><b>Quin \u00e9s el tret principal del teu car\u00e0cter?<\/b><\/li>\n<\/ul>\n<p><span style=\"font-weight: 400;\">La positivitat.<\/span><\/p>\n<ul>\n<li aria-level=\"1\"><b>Quina qualitat prefereixes en un home?<\/b><\/li>\n<\/ul>\n<p><span style=\"font-weight: 400;\">La bondat.<\/span><\/p>\n<ul>\n<li aria-level=\"1\"><b>Quina qualitat prefereixes en una dona?<\/b><\/li>\n<\/ul>\n<p><span style=\"font-weight: 400;\">La bondat.<\/span><\/p>\n<ul>\n<li aria-level=\"1\"><b>Qu\u00e8 estimes m\u00e9s en els amics?<\/b><\/li>\n<\/ul>\n<p><span style=\"font-weight: 400;\">Que no em jutgin.<\/span><\/p>\n<ul>\n<li aria-level=\"1\"><b>Quin \u00e9s el teu defecte principal ?<\/b><\/li>\n<\/ul>\n<p><span style=\"font-weight: 400;\">Creure que puc arribar a fer-ho tot, a tot arreu.\u00a0<\/span><\/p>\n<ul>\n<li aria-level=\"1\"><b>Quina \u00e9s la teva ocupaci\u00f3 preferida ?<\/b><\/li>\n<\/ul>\n<p><span style=\"font-weight: 400;\">La meva feina; i caminar o prendre el sol, en el temps lliure.<\/span><\/p>\n<ul>\n<li aria-level=\"1\"><b>Quin \u00e9s el teu somni de benestar ?<\/b><\/li>\n<\/ul>\n<p><span style=\"font-weight: 400;\">A casa, tranquil\u00b7la, amb la fam\u00edlia.<\/span><\/p>\n<ul>\n<li aria-level=\"1\"><b>Quina seria la teva pitjor desgr\u00e0cia ?<\/b><\/li>\n<\/ul>\n<p><span style=\"font-weight: 400;\">Una malaltia, perdre la salut.<\/span><\/p>\n<ul>\n<li aria-level=\"1\"><b>Qu\u00e8 voldria ser ?<\/b><\/li>\n<\/ul>\n<p><span style=\"font-weight: 400;\">El que s\u00f3c. Professora.<\/span><\/p>\n<ul>\n<li aria-level=\"1\"><b>Quin color prefereixes?<\/b><\/li>\n<\/ul>\n<p><span style=\"font-weight: 400;\">El negre. Ja veieu que sovint em vesteixo amb aquest color.<\/span><\/p>\n<ul>\n<li aria-level=\"1\"><b>Quina \u00e9s la teva flor preferida?<\/b><\/li>\n<\/ul>\n<p><span style=\"font-weight: 400;\">La rosa pitimini.<\/span><\/p>\n<ul>\n<li aria-level=\"1\"><b>Quin \u00e9s el teu ocell preferit?<\/b><\/li>\n<\/ul>\n<p><span style=\"font-weight: 400;\">Les orenetes.<\/span><\/p>\n<ul>\n<li aria-level=\"1\"><b>Quins s\u00f3n els teus autors en prosa preferits?<\/b><\/li>\n<\/ul>\n<p><span style=\"font-weight: 400;\">Khaled Hosseini i Marian Keyes.<\/span><\/p>\n<ul>\n<li aria-level=\"1\"><b>Quins s\u00f3n els teus poetes preferits?<\/b><\/li>\n<\/ul>\n<p><span style=\"font-weight: 400;\">Roser Guasch i Miquel Mart\u00ed i Pol.<\/span><\/p>\n<ul>\n<li aria-level=\"1\"><b>Quins s\u00f3n els teus herois de ficci\u00f3 preferits?<\/b><\/li>\n<\/ul>\n<p><span style=\"font-weight: 400;\">No en tinc.<\/span><\/p>\n<ul>\n<li aria-level=\"1\"><span style=\"font-weight: 400;\">\u00a0<\/span><b>Quines s\u00f3n les teves hero\u00efnes de ficci\u00f3 preferides?<\/b><\/li>\n<\/ul>\n<p><span style=\"font-weight: 400;\">No en tinc.<\/span><\/p>\n<ul>\n<li aria-level=\"1\"><b>Quins s\u00f3n els teus compositors predilectes?\u00a0<\/b><\/li>\n<\/ul>\n<p><span style=\"font-weight: 400;\">Els Beatles i Elton John.<\/span><\/p>\n<ul>\n<li aria-level=\"1\"><b>Quin \u00e9s el teu pintor predilecte?\u00a0<\/b><\/li>\n<\/ul>\n<p><span style=\"font-weight: 400;\">Jackson Pollock.<\/span><\/p>\n<ul>\n<li aria-level=\"1\"><b>Quins s\u00f3n els teus herois de la vida real?\u00a0<\/b><\/li>\n<\/ul>\n<p><span style=\"font-weight: 400;\">Open Arms (ONG).<\/span><\/p>\n<ul>\n<li aria-level=\"1\"><b>Quines s\u00f3n les teves hero\u00efnes de la vida real?\u00a0<\/b><\/li>\n<\/ul>\n<p><span style=\"font-weight: 400;\">Rosa Parks, Malala Yousafzai.<\/span><\/p>\n<ul>\n<li aria-level=\"1\"><b>Quin nom t\u2019agrada m\u00e9s?\u00a0<\/b><\/li>\n<\/ul>\n<p><span style=\"font-weight: 400;\">Joana.<\/span><\/p>\n<ul>\n<li aria-level=\"1\"><b>\u00a0Que detestes m\u00e9s que res?<\/b><\/li>\n<\/ul>\n<p><span style=\"font-weight: 400;\">Les mentides.<\/span><\/p>\n<ul>\n<li aria-level=\"1\"><b>\u00a0Quins car\u00e0cters hist\u00f2rics menysprees m\u00e9s?<\/b><\/li>\n<\/ul>\n<p><span style=\"font-weight: 400;\">Tots el dictadors, perqu\u00e8 imposen la seva voluntat.<\/span><\/p>\n<ul>\n<li aria-level=\"1\"><span style=\"font-weight: 400;\">\u00a0<\/span><b>Quin fet militar admires m\u00e9s?<\/b><\/li>\n<\/ul>\n<p><span style=\"font-weight: 400;\">Cap.<\/span><\/p>\n<ul>\n<li aria-level=\"1\"><b>Quina reforma admires m\u00e9s?<\/b><\/li>\n<\/ul>\n<p><span style=\"font-weight: 400;\">La Declaraci\u00f3 dels drets de l\u2019infant aprovada per les Nacions Unides.\u00a0<\/span><\/p>\n<ul>\n<li aria-level=\"1\"><span style=\"font-weight: 400;\">\u00a0<\/span><b>Quins dons naturals voldries tenir?<\/b><\/li>\n<\/ul>\n<p><span style=\"font-weight: 400;\">Volar. Poder-me despla\u00e7ar amb m\u00e9s rapidesa!<\/span><\/p>\n<ul>\n<li aria-level=\"1\"><b>Com m\u2019agradaria morir?<\/b><\/li>\n<\/ul>\n<p><span style=\"font-weight: 400;\">Dormint.<\/span><\/p>\n<ul>\n<li aria-level=\"1\"><span style=\"font-weight: 400;\">\u00a0<\/span><b>Quin \u00e9s l\u2019estat present del teu esperit?<\/b><\/li>\n<\/ul>\n<p><span style=\"font-weight: 400;\">Atabalat i il\u00b7lusionat.<\/span><\/p>\n<ul>\n<li aria-level=\"1\"><span style=\"font-weight: 400;\">\u00a0<\/span><b>Quins fets t\u2019inspiren m\u00e9s indulg\u00e8ncia?<\/b><\/li>\n<\/ul>\n<p><span style=\"font-weight: 400;\">El reconeixement que una persona digui que s\u2019ha equivocat.<\/span><\/p>\n<ul>\n<li aria-level=\"1\"><b>On voldries viure?<\/b><\/li>\n<\/ul>\n<p><span style=\"font-weight: 400;\">En una casa davant del mar.<\/span><\/p>\n<ul>\n<li aria-level=\"1\"><b>Quin \u00e9s el teu lema?<\/b><\/li>\n<\/ul>\n<p><span style=\"font-weight: 400;\">Tracta els altres com vulguis que et tractin a tu.<\/span><\/p>\n<p>&nbsp;<\/p>\n<p><img loading=\"lazy\" decoding=\"async\" class=\"aligncenter size-full wp-image-2897\" src=\"https:\/\/agora.xtec.cat\/instarragona\/wp-content\/uploads\/usu484\/2022\/01\/Captura-1.jpg\" alt=\"\" width=\"877\" height=\"384\" srcset=\"https:\/\/agora.xtec.cat\/instarragona\/wp-content\/uploads\/usu484\/2022\/01\/Captura-1.jpg 877w, https:\/\/agora.xtec.cat\/instarragona\/wp-content\/uploads\/usu484\/2022\/01\/Captura-1-300x131.jpg 300w, https:\/\/agora.xtec.cat\/instarragona\/wp-content\/uploads\/usu484\/2022\/01\/Captura-1-768x336.jpg 768w\" sizes=\"auto, (max-width: 877px) 100vw, 877px\" \/><\/p>\n<p>&nbsp;<\/p>\n","protected":false},"excerpt":{"rendered":"<p>MARTA VALLINOTO<br \/>\nDirectora de l\u2019Institut Tarragona<br \/>\nEl alumnes de 2n ESO D de l\u2019Institut Tarragona hem realitzat el q\u00fcestionari Proust, formulat per 31 preguntes, a la directora del centre, la Sra. Marta Vallinoto. Cada alumne li ha fet 1 o 2 preguntes del q\u00fcestionari, durant la classe&hellip;  <a href=\"https:\/\/agora.xtec.cat\/instarragona\/eso\/eso-2\/entrevistem-a-la-nostra-directora\/\" title=\"Read Entrevistem la nostra directora\">Llegeix m\u00e9s\u00bb<\/a><\/p>\n","protected":false},"author":1,"featured_media":2897,"comment_status":"open","ping_status":"closed","sticky":false,"template":"","format":"standard","meta":{"_bbp_topic_count":0,"_bbp_reply_count":0,"_bbp_total_topic_count":0,"_bbp_total_reply_count":0,"_bbp_voice_count":0,"_bbp_anonymous_reply_count":0,"_bbp_topic_count_hidden":0,"_bbp_reply_count_hidden":0,"_bbp_forum_subforum_count":0,"footnotes":""},"categories":[5,29],"tags":[119],"class_list":["post-2893","post","type-post","status-publish","format-standard","has-post-thumbnail","hentry","category-eso-2","category-portada","tag-catala"],"post_mailing_queue_ids":[],"_links":{"self":[{"href":"https:\/\/agora.xtec.cat\/instarragona\/wp-json\/wp\/v2\/posts\/2893","targetHints":{"allow":["GET"]}}],"collection":[{"href":"https:\/\/agora.xtec.cat\/instarragona\/wp-json\/wp\/v2\/posts"}],"about":[{"href":"https:\/\/agora.xtec.cat\/instarragona\/wp-json\/wp\/v2\/types\/post"}],"author":[{"embeddable":true,"href":"https:\/\/agora.xtec.cat\/instarragona\/wp-json\/wp\/v2\/users\/1"}],"replies":[{"embeddable":true,"href":"https:\/\/agora.xtec.cat\/instarragona\/wp-json\/wp\/v2\/comments?post=2893"}],"version-history":[{"count":3,"href":"https:\/\/agora.xtec.cat\/instarragona\/wp-json\/wp\/v2\/posts\/2893\/revisions"}],"predecessor-version":[{"id":2916,"href":"https:\/\/agora.xtec.cat\/instarragona\/wp-json\/wp\/v2\/posts\/2893\/revisions\/2916"}],"wp:featuredmedia":[{"embeddable":true,"href":"https:\/\/agora.xtec.cat\/instarragona\/wp-json\/wp\/v2\/media\/2897"}],"wp:attachment":[{"href":"https:\/\/agora.xtec.cat\/instarragona\/wp-json\/wp\/v2\/media?parent=2893"}],"wp:term":[{"taxonomy":"category","embeddable":true,"href":"https:\/\/agora.xtec.cat\/instarragona\/wp-json\/wp\/v2\/categories?post=2893"},{"taxonomy":"post_tag","embeddable":true,"href":"https:\/\/agora.xtec.cat\/instarragona\/wp-json\/wp\/v2\/tags?post=2893"}],"curies":[{"name":"wp","href":"https:\/\/api.w.org\/{rel}","templated":true}]}}