{"id":2888,"date":"2022-01-18T09:31:39","date_gmt":"2022-01-18T08:31:39","guid":{"rendered":"https:\/\/agora.xtec.cat\/instarragona\/?p=2888"},"modified":"2022-01-18T09:32:09","modified_gmt":"2022-01-18T08:32:09","slug":"book-exhibition","status":"publish","type":"post","link":"https:\/\/agora.xtec.cat\/instarragona\/eso\/eso-1\/book-exhibition\/","title":{"rendered":"Book exhibition"},"content":{"rendered":"<p>Donem per acabada l&#8217;exposici\u00f3 <strong><span style=\"color: #339966;\">&#8220;Book reviews&#8221;<\/span><\/strong> que han treballat des de la mat\u00e8ria d&#8217;angl\u00e8s i que hem tingut al vest\u00edbul durant forces dies.<\/p>\n<p>La creativitat dels alumnes de 1r no t\u00e9 preu. Felicitats nois, felicitats noies!<\/p>\n<p><img loading=\"lazy\" decoding=\"async\" class=\"wp-image-2890 aligncenter\" src=\"https:\/\/agora.xtec.cat\/instarragona\/wp-content\/uploads\/usu484\/2022\/01\/IMG_20211213_120130.jpg\" alt=\"\" width=\"944\" height=\"772\" srcset=\"https:\/\/agora.xtec.cat\/instarragona\/wp-content\/uploads\/usu484\/2022\/01\/IMG_20211213_120130.jpg 1965w, https:\/\/agora.xtec.cat\/instarragona\/wp-content\/uploads\/usu484\/2022\/01\/IMG_20211213_120130-300x245.jpg 300w, https:\/\/agora.xtec.cat\/instarragona\/wp-content\/uploads\/usu484\/2022\/01\/IMG_20211213_120130-1024x837.jpg 1024w, https:\/\/agora.xtec.cat\/instarragona\/wp-content\/uploads\/usu484\/2022\/01\/IMG_20211213_120130-768x628.jpg 768w, https:\/\/agora.xtec.cat\/instarragona\/wp-content\/uploads\/usu484\/2022\/01\/IMG_20211213_120130-1536x1255.jpg 1536w\" sizes=\"auto, (max-width: 944px) 100vw, 944px\" \/><\/p>\n<p><img loading=\"lazy\" decoding=\"async\" class=\"aligncenter wp-image-2889\" src=\"https:\/\/agora.xtec.cat\/instarragona\/wp-content\/uploads\/usu484\/2022\/01\/IMG_20211213_120110.jpg\" alt=\"\" width=\"944\" height=\"432\" srcset=\"https:\/\/agora.xtec.cat\/instarragona\/wp-content\/uploads\/usu484\/2022\/01\/IMG_20211213_120110.jpg 2243w, https:\/\/agora.xtec.cat\/instarragona\/wp-content\/uploads\/usu484\/2022\/01\/IMG_20211213_120110-300x137.jpg 300w, https:\/\/agora.xtec.cat\/instarragona\/wp-content\/uploads\/usu484\/2022\/01\/IMG_20211213_120110-1024x468.jpg 1024w, https:\/\/agora.xtec.cat\/instarragona\/wp-content\/uploads\/usu484\/2022\/01\/IMG_20211213_120110-768x351.jpg 768w, https:\/\/agora.xtec.cat\/instarragona\/wp-content\/uploads\/usu484\/2022\/01\/IMG_20211213_120110-1536x703.jpg 1536w, https:\/\/agora.xtec.cat\/instarragona\/wp-content\/uploads\/usu484\/2022\/01\/IMG_20211213_120110-2048x937.jpg 2048w\" sizes=\"auto, (max-width: 944px) 100vw, 944px\" \/><\/p>\n","protected":false},"excerpt":{"rendered":"<p>Donem per acabada l&#8217;exposici\u00f3 &#8220;Book reviews&#8221; que han treballat des de la mat\u00e8ria d&#8217;angl\u00e8s i que hem tingut al vest\u00edbul durant forces dies.<br \/>\nLa creativitat dels alumnes de 1r no t\u00e9 preu. Felicitats nois, felicitats noies!<\/p>\n","protected":false},"author":1,"featured_media":2889,"comment_status":"open","ping_status":"closed","sticky":false,"template":"","format":"standard","meta":{"_bbp_topic_count":0,"_bbp_reply_count":0,"_bbp_total_topic_count":0,"_bbp_total_reply_count":0,"_bbp_voice_count":0,"_bbp_anonymous_reply_count":0,"_bbp_topic_count_hidden":0,"_bbp_reply_count_hidden":0,"_bbp_forum_subforum_count":0,"footnotes":""},"categories":[4,29],"tags":[42,137],"class_list":["post-2888","post","type-post","status-publish","format-standard","has-post-thumbnail","hentry","category-eso-1","category-portada","tag-angles","tag-llengues"],"post_mailing_queue_ids":[],"_links":{"self":[{"href":"https:\/\/agora.xtec.cat\/instarragona\/wp-json\/wp\/v2\/posts\/2888","targetHints":{"allow":["GET"]}}],"collection":[{"href":"https:\/\/agora.xtec.cat\/instarragona\/wp-json\/wp\/v2\/posts"}],"about":[{"href":"https:\/\/agora.xtec.cat\/instarragona\/wp-json\/wp\/v2\/types\/post"}],"author":[{"embeddable":true,"href":"https:\/\/agora.xtec.cat\/instarragona\/wp-json\/wp\/v2\/users\/1"}],"replies":[{"embeddable":true,"href":"https:\/\/agora.xtec.cat\/instarragona\/wp-json\/wp\/v2\/comments?post=2888"}],"version-history":[{"count":2,"href":"https:\/\/agora.xtec.cat\/instarragona\/wp-json\/wp\/v2\/posts\/2888\/revisions"}],"predecessor-version":[{"id":2892,"href":"https:\/\/agora.xtec.cat\/instarragona\/wp-json\/wp\/v2\/posts\/2888\/revisions\/2892"}],"wp:featuredmedia":[{"embeddable":true,"href":"https:\/\/agora.xtec.cat\/instarragona\/wp-json\/wp\/v2\/media\/2889"}],"wp:attachment":[{"href":"https:\/\/agora.xtec.cat\/instarragona\/wp-json\/wp\/v2\/media?parent=2888"}],"wp:term":[{"taxonomy":"category","embeddable":true,"href":"https:\/\/agora.xtec.cat\/instarragona\/wp-json\/wp\/v2\/categories?post=2888"},{"taxonomy":"post_tag","embeddable":true,"href":"https:\/\/agora.xtec.cat\/instarragona\/wp-json\/wp\/v2\/tags?post=2888"}],"curies":[{"name":"wp","href":"https:\/\/api.w.org\/{rel}","templated":true}]}}