{"id":2882,"date":"2022-01-07T08:46:07","date_gmt":"2022-01-07T07:46:07","guid":{"rendered":"https:\/\/agora.xtec.cat\/instarragona\/?p=2882"},"modified":"2022-01-07T08:46:07","modified_gmt":"2022-01-07T07:46:07","slug":"tallers-esport-sortides-i-cinema","status":"publish","type":"post","link":"https:\/\/agora.xtec.cat\/instarragona\/portada\/tallers-esport-sortides-i-cinema\/","title":{"rendered":"Tallers, esport, sortides i cinema"},"content":{"rendered":"<p>I aix\u00ed vam donar la benvinguda a les vacances de Nadal.<\/p>\n<p>L&#8217;alumnat de l&#8217;ESO va tenir l&#8217;oportunitat de gaudir d&#8217;una jornada l\u00fadica ben variada. Tallers de manualitats, lettering, cuina, esports de tota mena, cinema comprom\u00e8s (Mediterr\u00e0neo)&#8230; tot un reguitzell d&#8217;activitats que ens van alleugerir a tots plegats l&#8217;\u00faltim dia abans de les vacances. Quin goig!<\/p>\n<p><img loading=\"lazy\" decoding=\"async\" class=\"aligncenter size-full wp-image-2884\" src=\"https:\/\/agora.xtec.cat\/instarragona\/wp-content\/uploads\/usu484\/2022\/01\/IMG_20211222_125212.jpg\" alt=\"\" width=\"1600\" height=\"1201\" srcset=\"https:\/\/agora.xtec.cat\/instarragona\/wp-content\/uploads\/usu484\/2022\/01\/IMG_20211222_125212.jpg 1600w, https:\/\/agora.xtec.cat\/instarragona\/wp-content\/uploads\/usu484\/2022\/01\/IMG_20211222_125212-300x225.jpg 300w, https:\/\/agora.xtec.cat\/instarragona\/wp-content\/uploads\/usu484\/2022\/01\/IMG_20211222_125212-1024x769.jpg 1024w, https:\/\/agora.xtec.cat\/instarragona\/wp-content\/uploads\/usu484\/2022\/01\/IMG_20211222_125212-768x576.jpg 768w, https:\/\/agora.xtec.cat\/instarragona\/wp-content\/uploads\/usu484\/2022\/01\/IMG_20211222_125212-1536x1153.jpg 1536w, https:\/\/agora.xtec.cat\/instarragona\/wp-content\/uploads\/usu484\/2022\/01\/IMG_20211222_125212-200x150.jpg 200w\" sizes=\"auto, (max-width: 1600px) 100vw, 1600px\" \/><\/p>\n<p>&nbsp;<\/p>\n<p><img loading=\"lazy\" decoding=\"async\" class=\"aligncenter size-full wp-image-2885\" src=\"https:\/\/agora.xtec.cat\/instarragona\/wp-content\/uploads\/usu484\/2022\/01\/c.png\" alt=\"\" width=\"949\" height=\"721\" srcset=\"https:\/\/agora.xtec.cat\/instarragona\/wp-content\/uploads\/usu484\/2022\/01\/c.png 949w, https:\/\/agora.xtec.cat\/instarragona\/wp-content\/uploads\/usu484\/2022\/01\/c-300x228.png 300w, https:\/\/agora.xtec.cat\/instarragona\/wp-content\/uploads\/usu484\/2022\/01\/c-768x583.png 768w\" sizes=\"auto, (max-width: 949px) 100vw, 949px\" \/><\/p>\n","protected":false},"excerpt":{"rendered":"<p>I aix\u00ed vam donar la benvinguda a les vacances de Nadal.<br \/>\nL&#8217;alumnat de l&#8217;ESO va tenir l&#8217;oportunitat de gaudir d&#8217;una jornada l\u00fadica ben variada. Tallers de manualitats, lettering, cuina, esports de tota mena, cinema comprom\u00e8s (Mediterr\u00e0neo)&#8230; tot un reguitzell d&#8217;activitats que ens van alleugerir a tots&hellip;  <a href=\"https:\/\/agora.xtec.cat\/instarragona\/portada\/tallers-esport-sortides-i-cinema\/\" title=\"Read Tallers, esport, sortides i cinema\">Llegeix m\u00e9s\u00bb<\/a><\/p>\n","protected":false},"author":1,"featured_media":2883,"comment_status":"open","ping_status":"closed","sticky":false,"template":"","format":"standard","meta":{"_bbp_topic_count":0,"_bbp_reply_count":0,"_bbp_total_topic_count":0,"_bbp_total_reply_count":0,"_bbp_voice_count":0,"_bbp_anonymous_reply_count":0,"_bbp_topic_count_hidden":0,"_bbp_reply_count_hidden":0,"_bbp_forum_subforum_count":0,"footnotes":""},"categories":[29],"tags":[58],"class_list":["post-2882","post","type-post","status-publish","format-standard","has-post-thumbnail","hentry","category-portada","tag-tallers"],"post_mailing_queue_ids":[],"_links":{"self":[{"href":"https:\/\/agora.xtec.cat\/instarragona\/wp-json\/wp\/v2\/posts\/2882","targetHints":{"allow":["GET"]}}],"collection":[{"href":"https:\/\/agora.xtec.cat\/instarragona\/wp-json\/wp\/v2\/posts"}],"about":[{"href":"https:\/\/agora.xtec.cat\/instarragona\/wp-json\/wp\/v2\/types\/post"}],"author":[{"embeddable":true,"href":"https:\/\/agora.xtec.cat\/instarragona\/wp-json\/wp\/v2\/users\/1"}],"replies":[{"embeddable":true,"href":"https:\/\/agora.xtec.cat\/instarragona\/wp-json\/wp\/v2\/comments?post=2882"}],"version-history":[{"count":1,"href":"https:\/\/agora.xtec.cat\/instarragona\/wp-json\/wp\/v2\/posts\/2882\/revisions"}],"predecessor-version":[{"id":2886,"href":"https:\/\/agora.xtec.cat\/instarragona\/wp-json\/wp\/v2\/posts\/2882\/revisions\/2886"}],"wp:featuredmedia":[{"embeddable":true,"href":"https:\/\/agora.xtec.cat\/instarragona\/wp-json\/wp\/v2\/media\/2883"}],"wp:attachment":[{"href":"https:\/\/agora.xtec.cat\/instarragona\/wp-json\/wp\/v2\/media?parent=2882"}],"wp:term":[{"taxonomy":"category","embeddable":true,"href":"https:\/\/agora.xtec.cat\/instarragona\/wp-json\/wp\/v2\/categories?post=2882"},{"taxonomy":"post_tag","embeddable":true,"href":"https:\/\/agora.xtec.cat\/instarragona\/wp-json\/wp\/v2\/tags?post=2882"}],"curies":[{"name":"wp","href":"https:\/\/api.w.org\/{rel}","templated":true}]}}