{"id":2877,"date":"2022-01-07T08:34:16","date_gmt":"2022-01-07T07:34:16","guid":{"rendered":"https:\/\/agora.xtec.cat\/instarragona\/?p=2877"},"modified":"2022-01-07T08:35:28","modified_gmt":"2022-01-07T07:35:28","slug":"sortim-amb-2n-de-batxillerat","status":"publish","type":"post","link":"https:\/\/agora.xtec.cat\/instarragona\/batxillerat\/sortim-amb-2n-de-batxillerat\/","title":{"rendered":"Sortim amb 2n de Batxillerat"},"content":{"rendered":"<p>Perqu\u00e8 s&#8217;ho mereixen!<\/p>\n<p>Els alumnes de 2n de batxillerat, despr\u00e9s d&#8217;uns cursos molt i molt complicats han pogut, per fi, fer aquelles coses habituals dels estudiants. Anar d&#8217;excursi\u00f3!<\/p>\n<p>El Batxillerat cient\u00edfic-tecnol\u00f2gic va anar a Val\u00e8ncia i els del social-human\u00edstic a Barcelona. Tallers, visites, passejades, xerrar amb els amics, riure, riure molt!\u00a0Ha estat una v\u00e0lvula d&#8217;escapament molt necess\u00e0ria.<\/p>\n<p>Trobareu imatges <a href=\"https:\/\/drive.google.com\/drive\/folders\/1SReUwont_Zzdd-I1_ijwnbBQdlNldBRB?usp=sharing\" target=\"_blank\" rel=\"noopener\">aqu\u00ed<\/a>.<\/p>\n<p>Ara sense excuses, a punt per fer l&#8217;esprint final, nois, noies?<\/p>\n<p><img loading=\"lazy\" decoding=\"async\" class=\"aligncenter wp-image-2879\" src=\"https:\/\/agora.xtec.cat\/instarragona\/wp-content\/uploads\/usu484\/2022\/01\/A.png\" alt=\"\" width=\"746\" height=\"541\" srcset=\"https:\/\/agora.xtec.cat\/instarragona\/wp-content\/uploads\/usu484\/2022\/01\/A.png 1003w, https:\/\/agora.xtec.cat\/instarragona\/wp-content\/uploads\/usu484\/2022\/01\/A-300x217.png 300w, https:\/\/agora.xtec.cat\/instarragona\/wp-content\/uploads\/usu484\/2022\/01\/A-768x557.png 768w\" sizes=\"auto, (max-width: 746px) 100vw, 746px\" \/><\/p>\n<p>&nbsp;<\/p>\n","protected":false},"excerpt":{"rendered":"<p>Perqu\u00e8 s&#8217;ho mereixen!<br \/>\nEls alumnes de 2n de batxillerat, despr\u00e9s d&#8217;uns cursos molt i molt complicats han pogut, per fi, fer aquelles coses habituals dels estudiants. Anar d&#8217;excursi\u00f3!<br \/>\nEl Batxillerat cient\u00edfic-tecnol\u00f2gic va anar a Val\u00e8ncia i els del social-human\u00edstic a Barcelona. Tallers, visites, passejades, xerrar amb els&hellip;  <a href=\"https:\/\/agora.xtec.cat\/instarragona\/batxillerat\/sortim-amb-2n-de-batxillerat\/\" title=\"Read Sortim amb 2n de Batxillerat\">Llegeix m\u00e9s\u00bb<\/a><\/p>\n","protected":false},"author":1,"featured_media":2878,"comment_status":"open","ping_status":"closed","sticky":false,"template":"","format":"standard","meta":{"_bbp_topic_count":0,"_bbp_reply_count":0,"_bbp_total_topic_count":0,"_bbp_total_reply_count":0,"_bbp_voice_count":0,"_bbp_anonymous_reply_count":0,"_bbp_topic_count_hidden":0,"_bbp_reply_count_hidden":0,"_bbp_forum_subforum_count":0,"footnotes":""},"categories":[8,29],"tags":[39],"class_list":["post-2877","post","type-post","status-publish","format-standard","has-post-thumbnail","hentry","category-batxillerat","category-portada","tag-sortides"],"post_mailing_queue_ids":[],"_links":{"self":[{"href":"https:\/\/agora.xtec.cat\/instarragona\/wp-json\/wp\/v2\/posts\/2877","targetHints":{"allow":["GET"]}}],"collection":[{"href":"https:\/\/agora.xtec.cat\/instarragona\/wp-json\/wp\/v2\/posts"}],"about":[{"href":"https:\/\/agora.xtec.cat\/instarragona\/wp-json\/wp\/v2\/types\/post"}],"author":[{"embeddable":true,"href":"https:\/\/agora.xtec.cat\/instarragona\/wp-json\/wp\/v2\/users\/1"}],"replies":[{"embeddable":true,"href":"https:\/\/agora.xtec.cat\/instarragona\/wp-json\/wp\/v2\/comments?post=2877"}],"version-history":[{"count":2,"href":"https:\/\/agora.xtec.cat\/instarragona\/wp-json\/wp\/v2\/posts\/2877\/revisions"}],"predecessor-version":[{"id":2881,"href":"https:\/\/agora.xtec.cat\/instarragona\/wp-json\/wp\/v2\/posts\/2877\/revisions\/2881"}],"wp:featuredmedia":[{"embeddable":true,"href":"https:\/\/agora.xtec.cat\/instarragona\/wp-json\/wp\/v2\/media\/2878"}],"wp:attachment":[{"href":"https:\/\/agora.xtec.cat\/instarragona\/wp-json\/wp\/v2\/media?parent=2877"}],"wp:term":[{"taxonomy":"category","embeddable":true,"href":"https:\/\/agora.xtec.cat\/instarragona\/wp-json\/wp\/v2\/categories?post=2877"},{"taxonomy":"post_tag","embeddable":true,"href":"https:\/\/agora.xtec.cat\/instarragona\/wp-json\/wp\/v2\/tags?post=2877"}],"curies":[{"name":"wp","href":"https:\/\/api.w.org\/{rel}","templated":true}]}}