{"id":2860,"date":"2021-12-19T21:29:36","date_gmt":"2021-12-19T20:29:36","guid":{"rendered":"https:\/\/agora.xtec.cat\/instarragona\/?p=2860"},"modified":"2021-12-19T21:35:41","modified_gmt":"2021-12-19T20:35:41","slug":"bon-nadal","status":"publish","type":"post","link":"https:\/\/agora.xtec.cat\/instarragona\/portada\/bon-nadal\/","title":{"rendered":"Bon Nadal!"},"content":{"rendered":"<p>Al taller de tecnologia ens hem posat les piles per decorar el centre per Nadal. Tions fets amb branques de poda i estrelles amb les peces del projecte del t\u00e0ngram. Bona idea, oi? Un tionet per alumne, doncs&#8230; m\u00e9s de 100 tions ha aconseguit fer l&#8217;alumnat de 1r! Tot un r\u00e9cord.<\/p>\n<p><img loading=\"lazy\" decoding=\"async\" class=\"wp-image-2861 aligncenter\" src=\"https:\/\/agora.xtec.cat\/instarragona\/wp-content\/uploads\/usu484\/2021\/12\/IMG_20211213_120014.jpg\" alt=\"\" width=\"495\" height=\"231\" srcset=\"https:\/\/agora.xtec.cat\/instarragona\/wp-content\/uploads\/usu484\/2021\/12\/IMG_20211213_120014.jpg 2092w, https:\/\/agora.xtec.cat\/instarragona\/wp-content\/uploads\/usu484\/2021\/12\/IMG_20211213_120014-300x140.jpg 300w, https:\/\/agora.xtec.cat\/instarragona\/wp-content\/uploads\/usu484\/2021\/12\/IMG_20211213_120014-1024x479.jpg 1024w, https:\/\/agora.xtec.cat\/instarragona\/wp-content\/uploads\/usu484\/2021\/12\/IMG_20211213_120014-768x359.jpg 768w, https:\/\/agora.xtec.cat\/instarragona\/wp-content\/uploads\/usu484\/2021\/12\/IMG_20211213_120014-1536x718.jpg 1536w, https:\/\/agora.xtec.cat\/instarragona\/wp-content\/uploads\/usu484\/2021\/12\/IMG_20211213_120014-2048x957.jpg 2048w\" sizes=\"auto, (max-width: 495px) 100vw, 495px\" \/><\/p>\n<p><img loading=\"lazy\" decoding=\"async\" class=\"aligncenter wp-image-2863\" src=\"https:\/\/agora.xtec.cat\/instarragona\/wp-content\/uploads\/usu484\/2021\/12\/IMG-20211214-WA0005.jpg\" alt=\"\" width=\"411\" height=\"550\" srcset=\"https:\/\/agora.xtec.cat\/instarragona\/wp-content\/uploads\/usu484\/2021\/12\/IMG-20211214-WA0005.jpg 1496w, https:\/\/agora.xtec.cat\/instarragona\/wp-content\/uploads\/usu484\/2021\/12\/IMG-20211214-WA0005-224x300.jpg 224w, https:\/\/agora.xtec.cat\/instarragona\/wp-content\/uploads\/usu484\/2021\/12\/IMG-20211214-WA0005-766x1024.jpg 766w, https:\/\/agora.xtec.cat\/instarragona\/wp-content\/uploads\/usu484\/2021\/12\/IMG-20211214-WA0005-768x1027.jpg 768w, https:\/\/agora.xtec.cat\/instarragona\/wp-content\/uploads\/usu484\/2021\/12\/IMG-20211214-WA0005-1149x1536.jpg 1149w\" sizes=\"auto, (max-width: 411px) 100vw, 411px\" \/><\/p>\n<p>La SIEI tamb\u00e9 hi ha col\u00b7laborat. Guaiteu!<\/p>\n<p><img loading=\"lazy\" decoding=\"async\" class=\"wp-image-2864 aligncenter\" src=\"https:\/\/agora.xtec.cat\/instarragona\/wp-content\/uploads\/usu484\/2021\/12\/IMG_20211213_115946.jpg\" alt=\"\" width=\"329\" height=\"646\" srcset=\"https:\/\/agora.xtec.cat\/instarragona\/wp-content\/uploads\/usu484\/2021\/12\/IMG_20211213_115946.jpg 917w, https:\/\/agora.xtec.cat\/instarragona\/wp-content\/uploads\/usu484\/2021\/12\/IMG_20211213_115946-153x300.jpg 153w, https:\/\/agora.xtec.cat\/instarragona\/wp-content\/uploads\/usu484\/2021\/12\/IMG_20211213_115946-521x1024.jpg 521w, https:\/\/agora.xtec.cat\/instarragona\/wp-content\/uploads\/usu484\/2021\/12\/IMG_20211213_115946-768x1508.jpg 768w, https:\/\/agora.xtec.cat\/instarragona\/wp-content\/uploads\/usu484\/2021\/12\/IMG_20211213_115946-782x1536.jpg 782w\" sizes=\"auto, (max-width: 329px) 100vw, 329px\" \/><\/p>\n<p>&nbsp;<\/p>\n<p>I un arbre de Nadal amb molta qu\u00edmica decora la sala de professorat.<\/p>\n<p><img loading=\"lazy\" decoding=\"async\" class=\"aligncenter wp-image-2865\" src=\"https:\/\/agora.xtec.cat\/instarragona\/wp-content\/uploads\/usu484\/2021\/12\/IMG-20211216-WA0009.jpg\" alt=\"\" width=\"352\" height=\"543\" srcset=\"https:\/\/agora.xtec.cat\/instarragona\/wp-content\/uploads\/usu484\/2021\/12\/IMG-20211216-WA0009.jpg 664w, https:\/\/agora.xtec.cat\/instarragona\/wp-content\/uploads\/usu484\/2021\/12\/IMG-20211216-WA0009-195x300.jpg 195w\" sizes=\"auto, (max-width: 352px) 100vw, 352px\" \/><\/p>\n<p style=\"text-align: center;\"><strong>\ud83c\udf32\ud83c\udf32\ud83c\udf32\ud83c\udf32 BON NADAL \ud83c\udf32\ud83c\udf32\ud83c\udf32\ud83c\udf32<\/strong><\/p>\n","protected":false},"excerpt":{"rendered":"<p>Al taller de tecnologia ens hem posat les piles per decorar el centre per Nadal. Tions fets amb branques de poda i estrelles amb les peces del projecte del t\u00e0ngram. Bona idea, oi? Un tionet per alumne, doncs&#8230; m\u00e9s de 100 tions ha aconseguit fer&hellip;  <a href=\"https:\/\/agora.xtec.cat\/instarragona\/portada\/bon-nadal\/\" title=\"Read Bon Nadal!\">Llegeix m\u00e9s\u00bb<\/a><\/p>\n","protected":false},"author":1,"featured_media":2863,"comment_status":"open","ping_status":"closed","sticky":false,"template":"","format":"standard","meta":{"_bbp_topic_count":0,"_bbp_reply_count":0,"_bbp_total_topic_count":0,"_bbp_total_reply_count":0,"_bbp_voice_count":0,"_bbp_anonymous_reply_count":0,"_bbp_topic_count_hidden":0,"_bbp_reply_count_hidden":0,"_bbp_forum_subforum_count":0,"footnotes":""},"categories":[29],"tags":[97,122,110],"class_list":["post-2860","post","type-post","status-publish","format-standard","has-post-thumbnail","hentry","category-portada","tag-festes-i-activitats","tag-siei","tag-tecnologia"],"post_mailing_queue_ids":[],"_links":{"self":[{"href":"https:\/\/agora.xtec.cat\/instarragona\/wp-json\/wp\/v2\/posts\/2860","targetHints":{"allow":["GET"]}}],"collection":[{"href":"https:\/\/agora.xtec.cat\/instarragona\/wp-json\/wp\/v2\/posts"}],"about":[{"href":"https:\/\/agora.xtec.cat\/instarragona\/wp-json\/wp\/v2\/types\/post"}],"author":[{"embeddable":true,"href":"https:\/\/agora.xtec.cat\/instarragona\/wp-json\/wp\/v2\/users\/1"}],"replies":[{"embeddable":true,"href":"https:\/\/agora.xtec.cat\/instarragona\/wp-json\/wp\/v2\/comments?post=2860"}],"version-history":[{"count":3,"href":"https:\/\/agora.xtec.cat\/instarragona\/wp-json\/wp\/v2\/posts\/2860\/revisions"}],"predecessor-version":[{"id":2869,"href":"https:\/\/agora.xtec.cat\/instarragona\/wp-json\/wp\/v2\/posts\/2860\/revisions\/2869"}],"wp:featuredmedia":[{"embeddable":true,"href":"https:\/\/agora.xtec.cat\/instarragona\/wp-json\/wp\/v2\/media\/2863"}],"wp:attachment":[{"href":"https:\/\/agora.xtec.cat\/instarragona\/wp-json\/wp\/v2\/media?parent=2860"}],"wp:term":[{"taxonomy":"category","embeddable":true,"href":"https:\/\/agora.xtec.cat\/instarragona\/wp-json\/wp\/v2\/categories?post=2860"},{"taxonomy":"post_tag","embeddable":true,"href":"https:\/\/agora.xtec.cat\/instarragona\/wp-json\/wp\/v2\/tags?post=2860"}],"curies":[{"name":"wp","href":"https:\/\/api.w.org\/{rel}","templated":true}]}}