{"id":2844,"date":"2021-12-17T12:15:13","date_gmt":"2021-12-17T11:15:13","guid":{"rendered":"https:\/\/agora.xtec.cat\/instarragona\/?p=2844"},"modified":"2021-12-17T12:15:51","modified_gmt":"2021-12-17T11:15:51","slug":"setmana-de-la-ciencia-a-1eso","status":"publish","type":"post","link":"https:\/\/agora.xtec.cat\/instarragona\/general\/setmana-de-la-ciencia-a-1eso\/","title":{"rendered":"Setmana de la ci\u00e8ncia a 1ESO"},"content":{"rendered":"<p>\ud83d\udce3ATUREM D&#8217;UNA VEGADA PER TOTES L&#8217;INCREMENT DE LA TEMPERATURA DEL NOSTRE PLANETA! \ud83d\udce3<\/p>\n<p>Aquest \u00e9s el missatge que ens ha quedat clar a tots els que estem a 1ESO. Aquests dies, en motiu de la setmana de la ci\u00e8ncia, hem treballat en el projecte <a href=\"https:\/\/sites.google.com\/xtec.cat\/setmana-de-la-ciencia-1r-eso\/inici\"><strong><span style=\"color: #333399;\">No m&#8217;escalfis!<\/span><\/strong><\/a><\/p>\n<p><a href=\"https:\/\/sites.google.com\/xtec.cat\/setmana-de-la-ciencia-1r-eso\/inici\" target=\"_blank\" rel=\"noopener\"><img loading=\"lazy\" decoding=\"async\" class=\"aligncenter wp-image-2850 size-full\" src=\"https:\/\/agora.xtec.cat\/instarragona\/wp-content\/uploads\/usu484\/2021\/12\/Captura-de-pantalla-2021-12-17-120540.png\" alt=\"\" width=\"876\" height=\"212\" srcset=\"https:\/\/agora.xtec.cat\/instarragona\/wp-content\/uploads\/usu484\/2021\/12\/Captura-de-pantalla-2021-12-17-120540.png 876w, https:\/\/agora.xtec.cat\/instarragona\/wp-content\/uploads\/usu484\/2021\/12\/Captura-de-pantalla-2021-12-17-120540-300x73.png 300w, https:\/\/agora.xtec.cat\/instarragona\/wp-content\/uploads\/usu484\/2021\/12\/Captura-de-pantalla-2021-12-17-120540-768x186.png 768w\" sizes=\"auto, (max-width: 876px) 100vw, 876px\" \/><\/a><\/p>\n<p>Els animals, les plantes&#8230; com poden arribar a patir si puja la temperatura! Est\u00e0 clar que el problema del canvi clim\u00e0tic ens afecta a tots. Cal actuar!<\/p>\n<p>Sabeu que els musclos deixaran de filtrar l&#8217;aigua dels nostres mars?<\/p>\n<p><img loading=\"lazy\" decoding=\"async\" class=\"aligncenter wp-image-2854\" src=\"https:\/\/agora.xtec.cat\/instarragona\/wp-content\/uploads\/usu484\/2021\/12\/Captura-de-pantalla-2021-12-17-121120.png\" alt=\"\" width=\"476\" height=\"353\" srcset=\"https:\/\/agora.xtec.cat\/instarragona\/wp-content\/uploads\/usu484\/2021\/12\/Captura-de-pantalla-2021-12-17-121120.png 708w, https:\/\/agora.xtec.cat\/instarragona\/wp-content\/uploads\/usu484\/2021\/12\/Captura-de-pantalla-2021-12-17-121120-300x222.png 300w\" sizes=\"auto, (max-width: 476px) 100vw, 476px\" \/><\/p>\n<p>&nbsp;<\/p>\n<p><img loading=\"lazy\" decoding=\"async\" class=\"aligncenter wp-image-2855\" src=\"https:\/\/agora.xtec.cat\/instarragona\/wp-content\/uploads\/usu484\/2021\/12\/Captura-de-pantalla-2021-12-17-121151.png\" alt=\"\" width=\"484\" height=\"355\" srcset=\"https:\/\/agora.xtec.cat\/instarragona\/wp-content\/uploads\/usu484\/2021\/12\/Captura-de-pantalla-2021-12-17-121151.png 705w, https:\/\/agora.xtec.cat\/instarragona\/wp-content\/uploads\/usu484\/2021\/12\/Captura-de-pantalla-2021-12-17-121151-300x220.png 300w\" sizes=\"auto, (max-width: 484px) 100vw, 484px\" \/><\/p>\n<p>&nbsp;<\/p>\n<p>Sabeu que el term\u00f2metre arribar\u00e0 a m\u00e0xims hist\u00f2rics?<\/p>\n<p><img loading=\"lazy\" decoding=\"async\" class=\"aligncenter wp-image-2852\" src=\"https:\/\/agora.xtec.cat\/instarragona\/wp-content\/uploads\/usu484\/2021\/12\/IMG-20211213-WA0007.jpg\" alt=\"\" width=\"525\" height=\"700\" srcset=\"https:\/\/agora.xtec.cat\/instarragona\/wp-content\/uploads\/usu484\/2021\/12\/IMG-20211213-WA0007.jpg 1536w, https:\/\/agora.xtec.cat\/instarragona\/wp-content\/uploads\/usu484\/2021\/12\/IMG-20211213-WA0007-225x300.jpg 225w, https:\/\/agora.xtec.cat\/instarragona\/wp-content\/uploads\/usu484\/2021\/12\/IMG-20211213-WA0007-768x1024.jpg 768w, https:\/\/agora.xtec.cat\/instarragona\/wp-content\/uploads\/usu484\/2021\/12\/IMG-20211213-WA0007-1152x1536.jpg 1152w\" sizes=\"auto, (max-width: 525px) 100vw, 525px\" \/><\/p>\n<p>&nbsp;<\/p>\n<p><img loading=\"lazy\" decoding=\"async\" class=\"aligncenter wp-image-2853\" src=\"https:\/\/agora.xtec.cat\/instarragona\/wp-content\/uploads\/usu484\/2021\/12\/Captura-de-pantalla-2021-12-17-120931.png\" alt=\"\" width=\"577\" height=\"389\" srcset=\"https:\/\/agora.xtec.cat\/instarragona\/wp-content\/uploads\/usu484\/2021\/12\/Captura-de-pantalla-2021-12-17-120931.png 699w, https:\/\/agora.xtec.cat\/instarragona\/wp-content\/uploads\/usu484\/2021\/12\/Captura-de-pantalla-2021-12-17-120931-300x202.png 300w\" sizes=\"auto, (max-width: 577px) 100vw, 577px\" \/><\/p>\n<p>&nbsp;<\/p>\n<p>Que els ocells no emigraran de la mateixa manera, que les flors floriran quan no toca, que alguns animals no trobaran aliment, que hi haur\u00e0 m\u00e9s meduses a la platja&#8230;. Ai, ai, ai! Motius suficients per estar preocupats tots plegats.<\/p>\n<p><strong><a href=\"https:\/\/drive.google.com\/drive\/folders\/1SXmmLyGY25iWBB_f-JPcjJKcfPA8XPch?usp=sharing\">M\u00c9S IMATGES<\/a><\/strong> aqu\u00ed mateix.<\/p>\n<p>&nbsp;<\/p>\n<p>&nbsp;<\/p>\n<p>&nbsp;<\/p>\n<p>&nbsp;<\/p>\n","protected":false},"excerpt":{"rendered":"<p>\ud83d\udce3ATUREM D&#8217;UNA VEGADA PER TOTES L&#8217;INCREMENT DE LA TEMPERATURA DEL NOSTRE PLANETA! \ud83d\udce3<br \/>\nAquest \u00e9s el missatge que ens ha quedat clar a tots els que estem a 1ESO. Aquests dies, en motiu de la setmana de la ci\u00e8ncia, hem treballat en el projecte <a href=\"https:\/\/sites.google.com\/xtec.cat\/setmana-de-la-ciencia-1r-eso\/inici\">No&hellip;  <a href=\"https:\/\/agora.xtec.cat\/instarragona\/general\/setmana-de-la-ciencia-a-1eso\/\" title=\"Read Setmana de la ci\u00e8ncia a 1ESO\">Llegeix m\u00e9s\u00bb<\/a><\/p>\n","protected":false},"author":1,"featured_media":2855,"comment_status":"open","ping_status":"closed","sticky":false,"template":"","format":"standard","meta":{"_bbp_topic_count":0,"_bbp_reply_count":0,"_bbp_total_topic_count":0,"_bbp_total_reply_count":0,"_bbp_voice_count":0,"_bbp_anonymous_reply_count":0,"_bbp_topic_count_hidden":0,"_bbp_reply_count_hidden":0,"_bbp_forum_subforum_count":0,"footnotes":""},"categories":[4,1,29],"tags":[116,41,99,110],"class_list":["post-2844","post","type-post","status-publish","format-standard","has-post-thumbnail","hentry","category-eso-1","category-general","category-portada","tag-ciencies","tag-matematiques","tag-projectes","tag-tecnologia"],"post_mailing_queue_ids":[],"_links":{"self":[{"href":"https:\/\/agora.xtec.cat\/instarragona\/wp-json\/wp\/v2\/posts\/2844","targetHints":{"allow":["GET"]}}],"collection":[{"href":"https:\/\/agora.xtec.cat\/instarragona\/wp-json\/wp\/v2\/posts"}],"about":[{"href":"https:\/\/agora.xtec.cat\/instarragona\/wp-json\/wp\/v2\/types\/post"}],"author":[{"embeddable":true,"href":"https:\/\/agora.xtec.cat\/instarragona\/wp-json\/wp\/v2\/users\/1"}],"replies":[{"embeddable":true,"href":"https:\/\/agora.xtec.cat\/instarragona\/wp-json\/wp\/v2\/comments?post=2844"}],"version-history":[{"count":3,"href":"https:\/\/agora.xtec.cat\/instarragona\/wp-json\/wp\/v2\/posts\/2844\/revisions"}],"predecessor-version":[{"id":2857,"href":"https:\/\/agora.xtec.cat\/instarragona\/wp-json\/wp\/v2\/posts\/2844\/revisions\/2857"}],"wp:featuredmedia":[{"embeddable":true,"href":"https:\/\/agora.xtec.cat\/instarragona\/wp-json\/wp\/v2\/media\/2855"}],"wp:attachment":[{"href":"https:\/\/agora.xtec.cat\/instarragona\/wp-json\/wp\/v2\/media?parent=2844"}],"wp:term":[{"taxonomy":"category","embeddable":true,"href":"https:\/\/agora.xtec.cat\/instarragona\/wp-json\/wp\/v2\/categories?post=2844"},{"taxonomy":"post_tag","embeddable":true,"href":"https:\/\/agora.xtec.cat\/instarragona\/wp-json\/wp\/v2\/tags?post=2844"}],"curies":[{"name":"wp","href":"https:\/\/api.w.org\/{rel}","templated":true}]}}