{"id":2829,"date":"2021-12-17T11:56:07","date_gmt":"2021-12-17T10:56:07","guid":{"rendered":"https:\/\/agora.xtec.cat\/instarragona\/?p=2829"},"modified":"2021-12-17T11:57:13","modified_gmt":"2021-12-17T10:57:13","slug":"reproduim-crims-amb-terra-baixa","status":"publish","type":"post","link":"https:\/\/agora.xtec.cat\/instarragona\/general\/reproduim-crims-amb-terra-baixa\/","title":{"rendered":"Reprodu\u00efm &#8220;Crims&#8221; amb Terra baixa"},"content":{"rendered":"<p>\ud83c\udf9e\ud83c\udf9e\ud83c\udf9e\ud83c\udf9e\ud83c\udf9e\ud83c\udf9e\ud83c\udf9e\ud83c\udf9e\ud83c\udf9e\ud83c\udf9e<\/p>\n<p>L&#8217;alumnat de 4t d&#8217;ESO, despr\u00e9s d&#8217;haver llegit i analitzat el cl\u00e0ssic d&#8217;\u00c0ngel Guimer\u00e0\u00a0<i><strong><span style=\"color: #339966;\">Terra baixa<\/span><\/strong>,<\/i>\u00a0han convertit l&#8217;argument de l&#8217;obra en un <span style=\"color: #339966;\"><strong>programa de &#8220;Crims&#8221;<\/strong><\/span> \ud83d\udcfd com els que en Carles Porta dirigeix a TV3. Els resultats han estat espectaculars i molt divertits.<\/p>\n<p>S\u00f3n uns artistes. Mireu:<\/p>\n<p><iframe loading=\"lazy\" title=\"Crims de Terra Baixa\" width=\"500\" height=\"281\" src=\"https:\/\/www.youtube.com\/embed\/D1on5CasXDo?feature=oembed\" frameborder=\"0\" allow=\"accelerometer; autoplay; clipboard-write; encrypted-media; gyroscope; picture-in-picture; web-share\" referrerpolicy=\"strict-origin-when-cross-origin\" allowfullscreen><\/iframe><\/p>\n<p>&nbsp;<\/p>\n<p><iframe loading=\"lazy\" title=\"Crims a Terra Baixa - 4 ESO Institut Tarragona\" width=\"500\" height=\"281\" src=\"https:\/\/www.youtube.com\/embed\/ChnLxVrl1NE?feature=oembed\" frameborder=\"0\" allow=\"accelerometer; autoplay; clipboard-write; encrypted-media; gyroscope; picture-in-picture; web-share\" referrerpolicy=\"strict-origin-when-cross-origin\" allowfullscreen><\/iframe><\/p>\n<p>&nbsp;<\/p>\n<p><iframe loading=\"lazy\" title=\"Crims Terra Baixa - Institut Tarragona\" width=\"500\" height=\"281\" src=\"https:\/\/www.youtube.com\/embed\/fR98MX5tUc4?feature=oembed\" frameborder=\"0\" allow=\"accelerometer; autoplay; clipboard-write; encrypted-media; gyroscope; picture-in-picture; web-share\" referrerpolicy=\"strict-origin-when-cross-origin\" allowfullscreen><\/iframe><\/p>\n<p>&nbsp;<\/p>\n","protected":false},"excerpt":{"rendered":"<p>\ud83c\udf9e\ud83c\udf9e\ud83c\udf9e\ud83c\udf9e\ud83c\udf9e\ud83c\udf9e\ud83c\udf9e\ud83c\udf9e\ud83c\udf9e\ud83c\udf9e<br \/>\nL&#8217;alumnat de 4t d&#8217;ESO, despr\u00e9s d&#8217;haver llegit i analitzat el cl\u00e0ssic d&#8217;\u00c0ngel Guimer\u00e0\u00a0Terra baixa,\u00a0han convertit l&#8217;argument de l&#8217;obra en un programa de &#8220;Crims&#8221; \ud83d\udcfd com els que en Carles Porta dirigeix a TV3. Els resultats han estat espectaculars i molt divertits.<br \/>\nS\u00f3n uns artistes. Mireu:<\/p>\n<p>&nbsp;<\/p>\n<p>&nbsp;<\/p>\n<p>&nbsp;<\/p>\n","protected":false},"author":1,"featured_media":2847,"comment_status":"open","ping_status":"closed","sticky":false,"template":"","format":"standard","meta":{"_bbp_topic_count":0,"_bbp_reply_count":0,"_bbp_total_topic_count":0,"_bbp_total_reply_count":0,"_bbp_voice_count":0,"_bbp_anonymous_reply_count":0,"_bbp_topic_count_hidden":0,"_bbp_reply_count_hidden":0,"_bbp_forum_subforum_count":0,"footnotes":""},"categories":[7,1,29],"tags":[119],"class_list":["post-2829","post","type-post","status-publish","format-standard","has-post-thumbnail","hentry","category-eso-4","category-general","category-portada","tag-catala"],"post_mailing_queue_ids":[],"_links":{"self":[{"href":"https:\/\/agora.xtec.cat\/instarragona\/wp-json\/wp\/v2\/posts\/2829","targetHints":{"allow":["GET"]}}],"collection":[{"href":"https:\/\/agora.xtec.cat\/instarragona\/wp-json\/wp\/v2\/posts"}],"about":[{"href":"https:\/\/agora.xtec.cat\/instarragona\/wp-json\/wp\/v2\/types\/post"}],"author":[{"embeddable":true,"href":"https:\/\/agora.xtec.cat\/instarragona\/wp-json\/wp\/v2\/users\/1"}],"replies":[{"embeddable":true,"href":"https:\/\/agora.xtec.cat\/instarragona\/wp-json\/wp\/v2\/comments?post=2829"}],"version-history":[{"count":3,"href":"https:\/\/agora.xtec.cat\/instarragona\/wp-json\/wp\/v2\/posts\/2829\/revisions"}],"predecessor-version":[{"id":2849,"href":"https:\/\/agora.xtec.cat\/instarragona\/wp-json\/wp\/v2\/posts\/2829\/revisions\/2849"}],"wp:featuredmedia":[{"embeddable":true,"href":"https:\/\/agora.xtec.cat\/instarragona\/wp-json\/wp\/v2\/media\/2847"}],"wp:attachment":[{"href":"https:\/\/agora.xtec.cat\/instarragona\/wp-json\/wp\/v2\/media?parent=2829"}],"wp:term":[{"taxonomy":"category","embeddable":true,"href":"https:\/\/agora.xtec.cat\/instarragona\/wp-json\/wp\/v2\/categories?post=2829"},{"taxonomy":"post_tag","embeddable":true,"href":"https:\/\/agora.xtec.cat\/instarragona\/wp-json\/wp\/v2\/tags?post=2829"}],"curies":[{"name":"wp","href":"https:\/\/api.w.org\/{rel}","templated":true}]}}