{"id":2822,"date":"2021-12-15T12:03:13","date_gmt":"2021-12-15T11:03:13","guid":{"rendered":"https:\/\/agora.xtec.cat\/instarragona\/?p=2822"},"modified":"2021-12-17T08:16:50","modified_gmt":"2021-12-17T07:16:50","slug":"podem-illuminar-el-mobil-amb-la-illuminacio-de-casa","status":"publish","type":"post","link":"https:\/\/agora.xtec.cat\/instarragona\/batxillerat\/podem-illuminar-el-mobil-amb-la-illuminacio-de-casa\/","title":{"rendered":"Podem carregar el m\u00f2bil amb la il\u00b7luminaci\u00f3 de casa?"},"content":{"rendered":"<p>Doncs&#8230;.. ooohhhh! Sembla que de moment encara no! \ud83d\ude0f, tot i que el futur \u00e9s molt prometedor. <span style=\"font-family: inherit; font-size: 1em;\">Un equip internacional i multidisciplinar de la URV hi est\u00e0 treballant. Avui, en Josep Pallar\u00e8s, professor de la ETSE ens ho ha vingut a explicar.\u00a0<\/span><\/p>\n<p>Sembla ser que la utilitzaci\u00f3 de la llum ambiental de casa nostra es podr\u00e0 ben aviat reutilitzar per controlar certs elements electr\u00f2nics, com ara sensors, bluetooth&#8230; el fam\u00f3s Internet de la coses. A hores d&#8217;ara, per aquest tipus de dispositius que requereixen voltatges m\u00e9s baixos, la tecnologia ja existeix .<\/p>\n<p>Qui sap si en un futur podrem carregar el m\u00f2bil amb la llum &#8220;sobrant&#8221; del menjador de casa!<\/p>\n<p><img loading=\"lazy\" decoding=\"async\" class=\"aligncenter wp-image-2823\" src=\"https:\/\/agora.xtec.cat\/instarragona\/wp-content\/uploads\/usu484\/2021\/12\/Captura.png\" alt=\"\" width=\"827\" height=\"555\" srcset=\"https:\/\/agora.xtec.cat\/instarragona\/wp-content\/uploads\/usu484\/2021\/12\/Captura.png 1224w, https:\/\/agora.xtec.cat\/instarragona\/wp-content\/uploads\/usu484\/2021\/12\/Captura-300x201.png 300w, https:\/\/agora.xtec.cat\/instarragona\/wp-content\/uploads\/usu484\/2021\/12\/Captura-1024x687.png 1024w, https:\/\/agora.xtec.cat\/instarragona\/wp-content\/uploads\/usu484\/2021\/12\/Captura-768x515.png 768w\" sizes=\"auto, (max-width: 827px) 100vw, 827px\" \/><\/p>\n<p>Els nostres futurs enginyers, estudiants del Batxillerat Tecnol\u00f2gic han pres bona nota.<\/p>\n<p>&nbsp;<\/p>\n","protected":false},"excerpt":{"rendered":"<p>Doncs&#8230;.. ooohhhh! Sembla que de moment encara no! \ud83d\ude0f, tot i que el futur \u00e9s molt prometedor. Un equip internacional i multidisciplinar de la URV hi est\u00e0 treballant. Avui, en Josep Pallar\u00e8s, professor de la ETSE ens ho ha vingut a explicar.\u00a0<br \/>\nSembla ser que la&hellip;  <a href=\"https:\/\/agora.xtec.cat\/instarragona\/batxillerat\/podem-illuminar-el-mobil-amb-la-illuminacio-de-casa\/\" title=\"Read Podem carregar el m\u00f2bil amb la il\u00b7luminaci\u00f3 de casa?\">Llegeix m\u00e9s\u00bb<\/a><\/p>\n","protected":false},"author":1,"featured_media":2823,"comment_status":"open","ping_status":"closed","sticky":false,"template":"","format":"standard","meta":{"_bbp_topic_count":0,"_bbp_reply_count":0,"_bbp_total_topic_count":0,"_bbp_total_reply_count":0,"_bbp_voice_count":0,"_bbp_anonymous_reply_count":0,"_bbp_topic_count_hidden":0,"_bbp_reply_count_hidden":0,"_bbp_forum_subforum_count":0,"footnotes":""},"categories":[8,29],"tags":[110,44],"class_list":["post-2822","post","type-post","status-publish","format-standard","has-post-thumbnail","hentry","category-batxillerat","category-portada","tag-tecnologia","tag-xerrades"],"post_mailing_queue_ids":[],"_links":{"self":[{"href":"https:\/\/agora.xtec.cat\/instarragona\/wp-json\/wp\/v2\/posts\/2822","targetHints":{"allow":["GET"]}}],"collection":[{"href":"https:\/\/agora.xtec.cat\/instarragona\/wp-json\/wp\/v2\/posts"}],"about":[{"href":"https:\/\/agora.xtec.cat\/instarragona\/wp-json\/wp\/v2\/types\/post"}],"author":[{"embeddable":true,"href":"https:\/\/agora.xtec.cat\/instarragona\/wp-json\/wp\/v2\/users\/1"}],"replies":[{"embeddable":true,"href":"https:\/\/agora.xtec.cat\/instarragona\/wp-json\/wp\/v2\/comments?post=2822"}],"version-history":[{"count":2,"href":"https:\/\/agora.xtec.cat\/instarragona\/wp-json\/wp\/v2\/posts\/2822\/revisions"}],"predecessor-version":[{"id":2825,"href":"https:\/\/agora.xtec.cat\/instarragona\/wp-json\/wp\/v2\/posts\/2822\/revisions\/2825"}],"wp:featuredmedia":[{"embeddable":true,"href":"https:\/\/agora.xtec.cat\/instarragona\/wp-json\/wp\/v2\/media\/2823"}],"wp:attachment":[{"href":"https:\/\/agora.xtec.cat\/instarragona\/wp-json\/wp\/v2\/media?parent=2822"}],"wp:term":[{"taxonomy":"category","embeddable":true,"href":"https:\/\/agora.xtec.cat\/instarragona\/wp-json\/wp\/v2\/categories?post=2822"},{"taxonomy":"post_tag","embeddable":true,"href":"https:\/\/agora.xtec.cat\/instarragona\/wp-json\/wp\/v2\/tags?post=2822"}],"curies":[{"name":"wp","href":"https:\/\/api.w.org\/{rel}","templated":true}]}}