{"id":2807,"date":"2021-12-10T12:36:49","date_gmt":"2021-12-10T11:36:49","guid":{"rendered":"https:\/\/agora.xtec.cat\/instarragona\/?p=2807"},"modified":"2021-12-10T12:37:14","modified_gmt":"2021-12-10T11:37:14","slug":"participem-a-la-jornada-activem-la-biblioteca","status":"publish","type":"post","link":"https:\/\/agora.xtec.cat\/instarragona\/portada\/participem-a-la-jornada-activem-la-biblioteca\/","title":{"rendered":"Participem a la Jornada Activem la Biblioteca"},"content":{"rendered":"<p>Fa uns dies la Carme Masip va presentar de manera virtual les activitats i els serveis de la nostra estimada biblioteca a la Jornada Activem la Biblioteca fent xarxa organitzada pels Serveis Territorials de Barcelona Comarques. La Carme va mostrar-los unes quantes de les moltes activitats organitzades per la <a href=\"https:\/\/www.instagram.com\/biblioinstgn\/\">@biblioinstgn<\/a> i la presentaci\u00f3 va suscitar moltes intervencions en el torn obert de paraules. L&#8217;objectiu \u00e9s fer xarxa entre les biblioteques escolars de secund\u00e0ria de Catalunya. Intercanviar experi\u00e8ncies i compartir-les \u00e9s una manera efica\u00e7 d&#8217;enriquir totes les biblioteques escolars.<\/p>\n<p><img loading=\"lazy\" decoding=\"async\" class=\"aligncenter size-full wp-image-2808\" src=\"https:\/\/agora.xtec.cat\/instarragona\/wp-content\/uploads\/usu484\/2021\/12\/Jornada-Activem-la-biblioteca-fent-xarxa_Biblio_Ins_Tgn.png\" alt=\"\" width=\"1920\" height=\"1080\" srcset=\"https:\/\/agora.xtec.cat\/instarragona\/wp-content\/uploads\/usu484\/2021\/12\/Jornada-Activem-la-biblioteca-fent-xarxa_Biblio_Ins_Tgn.png 1920w, https:\/\/agora.xtec.cat\/instarragona\/wp-content\/uploads\/usu484\/2021\/12\/Jornada-Activem-la-biblioteca-fent-xarxa_Biblio_Ins_Tgn-300x169.png 300w, https:\/\/agora.xtec.cat\/instarragona\/wp-content\/uploads\/usu484\/2021\/12\/Jornada-Activem-la-biblioteca-fent-xarxa_Biblio_Ins_Tgn-1024x576.png 1024w, https:\/\/agora.xtec.cat\/instarragona\/wp-content\/uploads\/usu484\/2021\/12\/Jornada-Activem-la-biblioteca-fent-xarxa_Biblio_Ins_Tgn-768x432.png 768w, https:\/\/agora.xtec.cat\/instarragona\/wp-content\/uploads\/usu484\/2021\/12\/Jornada-Activem-la-biblioteca-fent-xarxa_Biblio_Ins_Tgn-1536x864.png 1536w\" sizes=\"auto, (max-width: 1920px) 100vw, 1920px\" \/><\/p>\n<p>&nbsp;<\/p>\n<p><img loading=\"lazy\" decoding=\"async\" class=\"aligncenter size-full wp-image-2809\" src=\"https:\/\/agora.xtec.cat\/instarragona\/wp-content\/uploads\/usu484\/2021\/12\/NHNV-1.png_191393041-1.png\" alt=\"\" width=\"492\" height=\"315\" srcset=\"https:\/\/agora.xtec.cat\/instarragona\/wp-content\/uploads\/usu484\/2021\/12\/NHNV-1.png_191393041-1.png 492w, https:\/\/agora.xtec.cat\/instarragona\/wp-content\/uploads\/usu484\/2021\/12\/NHNV-1.png_191393041-1-300x192.png 300w\" sizes=\"auto, (max-width: 492px) 100vw, 492px\" \/><\/p>\n<p>&nbsp;<\/p>\n","protected":false},"excerpt":{"rendered":"<p>Fa uns dies la Carme Masip va presentar de manera virtual les activitats i els serveis de la nostra estimada biblioteca a la Jornada Activem la Biblioteca fent xarxa organitzada pels Serveis Territorials de Barcelona Comarques. La Carme va mostrar-los unes quantes de les moltes&hellip;  <a href=\"https:\/\/agora.xtec.cat\/instarragona\/portada\/participem-a-la-jornada-activem-la-biblioteca\/\" title=\"Read Participem a la Jornada Activem la Biblioteca\">Llegeix m\u00e9s\u00bb<\/a><\/p>\n","protected":false},"author":1,"featured_media":2808,"comment_status":"open","ping_status":"closed","sticky":false,"template":"","format":"standard","meta":{"_bbp_topic_count":0,"_bbp_reply_count":0,"_bbp_total_topic_count":0,"_bbp_total_reply_count":0,"_bbp_voice_count":0,"_bbp_anonymous_reply_count":0,"_bbp_topic_count_hidden":0,"_bbp_reply_count_hidden":0,"_bbp_forum_subforum_count":0,"footnotes":""},"categories":[29],"tags":[107],"class_list":["post-2807","post","type-post","status-publish","format-standard","has-post-thumbnail","hentry","category-portada","tag-biblioteca"],"post_mailing_queue_ids":[],"_links":{"self":[{"href":"https:\/\/agora.xtec.cat\/instarragona\/wp-json\/wp\/v2\/posts\/2807","targetHints":{"allow":["GET"]}}],"collection":[{"href":"https:\/\/agora.xtec.cat\/instarragona\/wp-json\/wp\/v2\/posts"}],"about":[{"href":"https:\/\/agora.xtec.cat\/instarragona\/wp-json\/wp\/v2\/types\/post"}],"author":[{"embeddable":true,"href":"https:\/\/agora.xtec.cat\/instarragona\/wp-json\/wp\/v2\/users\/1"}],"replies":[{"embeddable":true,"href":"https:\/\/agora.xtec.cat\/instarragona\/wp-json\/wp\/v2\/comments?post=2807"}],"version-history":[{"count":1,"href":"https:\/\/agora.xtec.cat\/instarragona\/wp-json\/wp\/v2\/posts\/2807\/revisions"}],"predecessor-version":[{"id":2810,"href":"https:\/\/agora.xtec.cat\/instarragona\/wp-json\/wp\/v2\/posts\/2807\/revisions\/2810"}],"wp:featuredmedia":[{"embeddable":true,"href":"https:\/\/agora.xtec.cat\/instarragona\/wp-json\/wp\/v2\/media\/2808"}],"wp:attachment":[{"href":"https:\/\/agora.xtec.cat\/instarragona\/wp-json\/wp\/v2\/media?parent=2807"}],"wp:term":[{"taxonomy":"category","embeddable":true,"href":"https:\/\/agora.xtec.cat\/instarragona\/wp-json\/wp\/v2\/categories?post=2807"},{"taxonomy":"post_tag","embeddable":true,"href":"https:\/\/agora.xtec.cat\/instarragona\/wp-json\/wp\/v2\/tags?post=2807"}],"curies":[{"name":"wp","href":"https:\/\/api.w.org\/{rel}","templated":true}]}}