{"id":2789,"date":"2021-12-01T12:20:57","date_gmt":"2021-12-01T11:20:57","guid":{"rendered":"https:\/\/agora.xtec.cat\/instarragona\/?p=2789"},"modified":"2021-12-01T12:21:16","modified_gmt":"2021-12-01T11:21:16","slug":"fem-de-voluntaris-ambientals","status":"publish","type":"post","link":"https:\/\/agora.xtec.cat\/instarragona\/portada\/fem-de-voluntaris-ambientals\/","title":{"rendered":"Fem de voluntaris ambientals"},"content":{"rendered":"<p dir=\"ltr\">Els alumnes de 1r d&#8217;ESO de l&#8217;institut han participat com a<span style=\"color: #339966;\"><strong> voluntaris ambientals<\/strong><\/span> en una excursi\u00f3 al riu Francol\u00ed.<\/p>\n<p dir=\"ltr\">El nostre institut t\u00e9 apadrinat un tram del<strong><span style=\"color: #339966;\"> riu Francol\u00ed<\/span><\/strong> i els nostres alumnes s&#8217;han convertit en experts en l&#8217;an\u00e0lisi del seu ecosistema. L&#8217;excursi\u00f3 s&#8217;ha allargat fins el Pont del Diable i per grups hem treballat i analitzat les dades preses.<\/p>\n<p dir=\"ltr\"><img loading=\"lazy\" decoding=\"async\" class=\"aligncenter size-full wp-image-2790\" src=\"https:\/\/agora.xtec.cat\/instarragona\/wp-content\/uploads\/usu484\/2021\/12\/Captura-3.jpg\" alt=\"\" width=\"1005\" height=\"635\" srcset=\"https:\/\/agora.xtec.cat\/instarragona\/wp-content\/uploads\/usu484\/2021\/12\/Captura-3.jpg 1005w, https:\/\/agora.xtec.cat\/instarragona\/wp-content\/uploads\/usu484\/2021\/12\/Captura-3-300x190.jpg 300w, https:\/\/agora.xtec.cat\/instarragona\/wp-content\/uploads\/usu484\/2021\/12\/Captura-3-768x485.jpg 768w\" sizes=\"auto, (max-width: 1005px) 100vw, 1005px\" \/><\/p>\n<p dir=\"ltr\"><img loading=\"lazy\" decoding=\"async\" class=\"aligncenter size-full wp-image-2791\" src=\"https:\/\/agora.xtec.cat\/instarragona\/wp-content\/uploads\/usu484\/2021\/12\/Captura2-1.jpg\" alt=\"\" width=\"539\" height=\"562\" srcset=\"https:\/\/agora.xtec.cat\/instarragona\/wp-content\/uploads\/usu484\/2021\/12\/Captura2-1.jpg 539w, https:\/\/agora.xtec.cat\/instarragona\/wp-content\/uploads\/usu484\/2021\/12\/Captura2-1-288x300.jpg 288w\" sizes=\"auto, (max-width: 539px) 100vw, 539px\" \/><\/p>\n","protected":false},"excerpt":{"rendered":"<p>Els alumnes de 1r d&#8217;ESO de l&#8217;institut han participat com a voluntaris ambientals en una excursi\u00f3 al riu Francol\u00ed.<br \/>\nEl nostre institut t\u00e9 apadrinat un tram del riu Francol\u00ed i els nostres alumnes s&#8217;han convertit en experts en l&#8217;an\u00e0lisi del seu ecosistema. L&#8217;excursi\u00f3 s&#8217;ha allargat fins&hellip;  <a href=\"https:\/\/agora.xtec.cat\/instarragona\/portada\/fem-de-voluntaris-ambientals\/\" title=\"Read Fem de voluntaris ambientals\">Llegeix m\u00e9s\u00bb<\/a><\/p>\n","protected":false},"author":1,"featured_media":2791,"comment_status":"open","ping_status":"closed","sticky":false,"template":"","format":"standard","meta":{"_bbp_topic_count":0,"_bbp_reply_count":0,"_bbp_total_topic_count":0,"_bbp_total_reply_count":0,"_bbp_voice_count":0,"_bbp_anonymous_reply_count":0,"_bbp_topic_count_hidden":0,"_bbp_reply_count_hidden":0,"_bbp_forum_subforum_count":0,"footnotes":""},"categories":[29],"tags":[116,39],"class_list":["post-2789","post","type-post","status-publish","format-standard","has-post-thumbnail","hentry","category-portada","tag-ciencies","tag-sortides"],"post_mailing_queue_ids":[],"_links":{"self":[{"href":"https:\/\/agora.xtec.cat\/instarragona\/wp-json\/wp\/v2\/posts\/2789","targetHints":{"allow":["GET"]}}],"collection":[{"href":"https:\/\/agora.xtec.cat\/instarragona\/wp-json\/wp\/v2\/posts"}],"about":[{"href":"https:\/\/agora.xtec.cat\/instarragona\/wp-json\/wp\/v2\/types\/post"}],"author":[{"embeddable":true,"href":"https:\/\/agora.xtec.cat\/instarragona\/wp-json\/wp\/v2\/users\/1"}],"replies":[{"embeddable":true,"href":"https:\/\/agora.xtec.cat\/instarragona\/wp-json\/wp\/v2\/comments?post=2789"}],"version-history":[{"count":2,"href":"https:\/\/agora.xtec.cat\/instarragona\/wp-json\/wp\/v2\/posts\/2789\/revisions"}],"predecessor-version":[{"id":2793,"href":"https:\/\/agora.xtec.cat\/instarragona\/wp-json\/wp\/v2\/posts\/2789\/revisions\/2793"}],"wp:featuredmedia":[{"embeddable":true,"href":"https:\/\/agora.xtec.cat\/instarragona\/wp-json\/wp\/v2\/media\/2791"}],"wp:attachment":[{"href":"https:\/\/agora.xtec.cat\/instarragona\/wp-json\/wp\/v2\/media?parent=2789"}],"wp:term":[{"taxonomy":"category","embeddable":true,"href":"https:\/\/agora.xtec.cat\/instarragona\/wp-json\/wp\/v2\/categories?post=2789"},{"taxonomy":"post_tag","embeddable":true,"href":"https:\/\/agora.xtec.cat\/instarragona\/wp-json\/wp\/v2\/tags?post=2789"}],"curies":[{"name":"wp","href":"https:\/\/api.w.org\/{rel}","templated":true}]}}