{"id":2778,"date":"2021-12-01T11:58:07","date_gmt":"2021-12-01T10:58:07","guid":{"rendered":"https:\/\/agora.xtec.cat\/instarragona\/?p=2778"},"modified":"2021-12-01T12:00:04","modified_gmt":"2021-12-01T11:00:04","slug":"les-nous-bones-saludables-i-caloriques","status":"publish","type":"post","link":"https:\/\/agora.xtec.cat\/instarragona\/general\/les-nous-bones-saludables-i-caloriques\/","title":{"rendered":"Les nous, bones, saludables i cal\u00f2riques!"},"content":{"rendered":"<p>Els alumnes de 3r ESO fent una pr\u00e0ctica de biologia. S\u00b4ha calculat el <span style=\"color: #339966;\"><strong>contingut energ\u00e8tic<\/strong><\/span> de les nous a partir de l\u00b4increment de temperatura aconseguit per l\u00b4energia en forma de calor despresa durant la combusti\u00f3 d\u00b4una nou.<\/p>\n<p>Aquest v\u00eddeo us ho mostra:<\/p>\n<p><iframe loading=\"lazy\" title=\"YouTube video player\" src=\"https:\/\/www.youtube.com\/embed\/kKHQ-bhPtuc\" width=\"560\" height=\"315\" frameborder=\"0\" allowfullscreen=\"allowfullscreen\"><\/iframe><\/p>\n<p>Aprofitem tamb\u00e9 per dir-vos que els alumnes de 4t d\u00b4ESO han apr\u00e8s a separar l&#8217;ADN mitjan\u00e7ant <span style=\"color: #339966;\"><strong>l&#8217;electroforesi<\/strong><\/span>. Les mostres d\u00b4ADN s\u00b4han de carregar als pouets d\u00b4un gel d\u00b4agarosa i son sotmeses a un corrent el\u00e8ctric que separa els seus fragments. Despr\u00e9s de fer una tinci\u00f3 es poden visualitzar els fragments de cada mostra d\u00b4ADN, que formen una mena de codi de barres \u00fanic de cada individu.\u00a0Meravelles de la ci\u00e8ncia!<\/p>\n<p><img loading=\"lazy\" decoding=\"async\" class=\"aligncenter wp-image-2779\" src=\"https:\/\/agora.xtec.cat\/instarragona\/wp-content\/uploads\/usu484\/2021\/12\/electri.jpg\" alt=\"\" width=\"737\" height=\"552\" srcset=\"https:\/\/agora.xtec.cat\/instarragona\/wp-content\/uploads\/usu484\/2021\/12\/electri.jpg 2048w, https:\/\/agora.xtec.cat\/instarragona\/wp-content\/uploads\/usu484\/2021\/12\/electri-300x225.jpg 300w, https:\/\/agora.xtec.cat\/instarragona\/wp-content\/uploads\/usu484\/2021\/12\/electri-1024x768.jpg 1024w, https:\/\/agora.xtec.cat\/instarragona\/wp-content\/uploads\/usu484\/2021\/12\/electri-768x576.jpg 768w, https:\/\/agora.xtec.cat\/instarragona\/wp-content\/uploads\/usu484\/2021\/12\/electri-1536x1152.jpg 1536w, https:\/\/agora.xtec.cat\/instarragona\/wp-content\/uploads\/usu484\/2021\/12\/electri-200x150.jpg 200w\" sizes=\"auto, (max-width: 737px) 100vw, 737px\" \/><\/p>\n","protected":false},"excerpt":{"rendered":"<p>Els alumnes de 3r ESO fent una pr\u00e0ctica de biologia. S\u00b4ha calculat el contingut energ\u00e8tic de les nous a partir de l\u00b4increment de temperatura aconseguit per l\u00b4energia en forma de calor despresa durant la combusti\u00f3 d\u00b4una nou.<br \/>\nAquest v\u00eddeo us ho mostra:<\/p>\n<p>Aprofitem tamb\u00e9 per dir-vos que&hellip;  <a href=\"https:\/\/agora.xtec.cat\/instarragona\/general\/les-nous-bones-saludables-i-caloriques\/\" title=\"Read Les nous, bones, saludables i cal\u00f2riques!\">Llegeix m\u00e9s\u00bb<\/a><\/p>\n","protected":false},"author":1,"featured_media":2781,"comment_status":"open","ping_status":"closed","sticky":false,"template":"","format":"standard","meta":{"_bbp_topic_count":0,"_bbp_reply_count":0,"_bbp_total_topic_count":0,"_bbp_total_reply_count":0,"_bbp_voice_count":0,"_bbp_anonymous_reply_count":0,"_bbp_topic_count_hidden":0,"_bbp_reply_count_hidden":0,"_bbp_forum_subforum_count":0,"footnotes":""},"categories":[1,29],"tags":[116],"class_list":["post-2778","post","type-post","status-publish","format-standard","has-post-thumbnail","hentry","category-general","category-portada","tag-ciencies"],"post_mailing_queue_ids":[],"_links":{"self":[{"href":"https:\/\/agora.xtec.cat\/instarragona\/wp-json\/wp\/v2\/posts\/2778","targetHints":{"allow":["GET"]}}],"collection":[{"href":"https:\/\/agora.xtec.cat\/instarragona\/wp-json\/wp\/v2\/posts"}],"about":[{"href":"https:\/\/agora.xtec.cat\/instarragona\/wp-json\/wp\/v2\/types\/post"}],"author":[{"embeddable":true,"href":"https:\/\/agora.xtec.cat\/instarragona\/wp-json\/wp\/v2\/users\/1"}],"replies":[{"embeddable":true,"href":"https:\/\/agora.xtec.cat\/instarragona\/wp-json\/wp\/v2\/comments?post=2778"}],"version-history":[{"count":1,"href":"https:\/\/agora.xtec.cat\/instarragona\/wp-json\/wp\/v2\/posts\/2778\/revisions"}],"predecessor-version":[{"id":2780,"href":"https:\/\/agora.xtec.cat\/instarragona\/wp-json\/wp\/v2\/posts\/2778\/revisions\/2780"}],"wp:featuredmedia":[{"embeddable":true,"href":"https:\/\/agora.xtec.cat\/instarragona\/wp-json\/wp\/v2\/media\/2781"}],"wp:attachment":[{"href":"https:\/\/agora.xtec.cat\/instarragona\/wp-json\/wp\/v2\/media?parent=2778"}],"wp:term":[{"taxonomy":"category","embeddable":true,"href":"https:\/\/agora.xtec.cat\/instarragona\/wp-json\/wp\/v2\/categories?post=2778"},{"taxonomy":"post_tag","embeddable":true,"href":"https:\/\/agora.xtec.cat\/instarragona\/wp-json\/wp\/v2\/tags?post=2778"}],"curies":[{"name":"wp","href":"https:\/\/api.w.org\/{rel}","templated":true}]}}