{"id":2769,"date":"2021-11-25T09:35:03","date_gmt":"2021-11-25T08:35:03","guid":{"rendered":"https:\/\/agora.xtec.cat\/instarragona\/?p=2769"},"modified":"2021-11-25T10:30:52","modified_gmt":"2021-11-25T09:30:52","slug":"per-leliminacio-de-la-violencia-envers-les-dones","status":"publish","type":"post","link":"https:\/\/agora.xtec.cat\/instarragona\/portada\/per-leliminacio-de-la-violencia-envers-les-dones\/","title":{"rendered":"25N &#8211; Per l&#8217;eliminaci\u00f3 de la viol\u00e8ncia envers les dones"},"content":{"rendered":"<p>Des de l&#8217;Institut Tarragona a prop\u00f2sit del <a href=\"https:\/\/dones.gencat.cat\/ca\/inici\/\" target=\"_blank\" rel=\"noopener\">Dia internacional per a l\u2019eliminaci\u00f3 de la viol\u00e8ncia envers les dones<\/a>, ens sumem a la\u00a0<a href=\"https:\/\/www.unwomen.org\/en\/what-we-do\/ending-violence-against-women\/take-action\" target=\"_blank\" rel=\"noopener\">Campanya UNEIX-TE d\u2019aqu\u00ed al 2030 per posar fi a la viol\u00e8ncia contra les dones<\/a>,\u00a0d\u2019ONU Dones, a fi de mostrar el rebuig vers la viol\u00e8ncia que colpeja nenes i dones i manifestar la necessitat de donar una resposta a la viol\u00e8ncia estructural que \u00e9s la viol\u00e8ncia masclista.Des de la comunitat educativa, ens cal educar i reeducar lliures d\u2019estereotips sexistes i en relacions sexoafectives sanes.<\/p>\n<p style=\"text-align: center;\"><a href=\"https:\/\/twitter.com\/hashtag\/lesescoleslliuresdeviol%C3%A8ncies\" target=\"_blank\" rel=\"noopener\"><strong>#LesEscolesLliuresDeViol\u00e8ncies<\/strong><\/a><\/p>\n<p><img loading=\"lazy\" decoding=\"async\" class=\"aligncenter size-full wp-image-2770\" src=\"https:\/\/agora.xtec.cat\/instarragona\/wp-content\/uploads\/usu484\/2021\/11\/FE9hKc5XIAUBEEa.jpg\" alt=\"\" width=\"900\" height=\"333\" srcset=\"https:\/\/agora.xtec.cat\/instarragona\/wp-content\/uploads\/usu484\/2021\/11\/FE9hKc5XIAUBEEa.jpg 900w, https:\/\/agora.xtec.cat\/instarragona\/wp-content\/uploads\/usu484\/2021\/11\/FE9hKc5XIAUBEEa-300x111.jpg 300w, https:\/\/agora.xtec.cat\/instarragona\/wp-content\/uploads\/usu484\/2021\/11\/FE9hKc5XIAUBEEa-768x284.jpg 768w\" sizes=\"auto, (max-width: 900px) 100vw, 900px\" \/><\/p>\n<p>&nbsp;<\/p>\n","protected":false},"excerpt":{"rendered":"<p>Des de l&#8217;Institut Tarragona a prop\u00f2sit del <a href=\"https:\/\/dones.gencat.cat\/ca\/inici\/\" target=\"_blank\" rel=\"noopener\">Dia internacional per a l\u2019eliminaci\u00f3 de la viol\u00e8ncia envers les dones<\/a>, ens sumem a la\u00a0<a href=\"https:\/\/www.unwomen.org\/en\/what-we-do\/ending-violence-against-women\/take-action\" target=\"_blank\" rel=\"noopener\">Campanya UNEIX-TE d\u2019aqu\u00ed al 2030 per posar fi a la viol\u00e8ncia contra les dones<\/a>,\u00a0d\u2019ONU Dones, a fi de&hellip;  <a href=\"https:\/\/agora.xtec.cat\/instarragona\/portada\/per-leliminacio-de-la-violencia-envers-les-dones\/\" title=\"Read 25N &#8211; Per l&#8217;eliminaci\u00f3 de la viol\u00e8ncia envers les dones\">Llegeix m\u00e9s\u00bb<\/a><\/p>\n","protected":false},"author":1,"featured_media":2770,"comment_status":"open","ping_status":"closed","sticky":false,"template":"","format":"standard","meta":{"_bbp_topic_count":0,"_bbp_reply_count":0,"_bbp_total_topic_count":0,"_bbp_total_reply_count":0,"_bbp_voice_count":0,"_bbp_anonymous_reply_count":0,"_bbp_topic_count_hidden":0,"_bbp_reply_count_hidden":0,"_bbp_forum_subforum_count":0,"footnotes":""},"categories":[29],"tags":[],"class_list":["post-2769","post","type-post","status-publish","format-standard","has-post-thumbnail","hentry","category-portada"],"post_mailing_queue_ids":[],"_links":{"self":[{"href":"https:\/\/agora.xtec.cat\/instarragona\/wp-json\/wp\/v2\/posts\/2769","targetHints":{"allow":["GET"]}}],"collection":[{"href":"https:\/\/agora.xtec.cat\/instarragona\/wp-json\/wp\/v2\/posts"}],"about":[{"href":"https:\/\/agora.xtec.cat\/instarragona\/wp-json\/wp\/v2\/types\/post"}],"author":[{"embeddable":true,"href":"https:\/\/agora.xtec.cat\/instarragona\/wp-json\/wp\/v2\/users\/1"}],"replies":[{"embeddable":true,"href":"https:\/\/agora.xtec.cat\/instarragona\/wp-json\/wp\/v2\/comments?post=2769"}],"version-history":[{"count":3,"href":"https:\/\/agora.xtec.cat\/instarragona\/wp-json\/wp\/v2\/posts\/2769\/revisions"}],"predecessor-version":[{"id":2776,"href":"https:\/\/agora.xtec.cat\/instarragona\/wp-json\/wp\/v2\/posts\/2769\/revisions\/2776"}],"wp:featuredmedia":[{"embeddable":true,"href":"https:\/\/agora.xtec.cat\/instarragona\/wp-json\/wp\/v2\/media\/2770"}],"wp:attachment":[{"href":"https:\/\/agora.xtec.cat\/instarragona\/wp-json\/wp\/v2\/media?parent=2769"}],"wp:term":[{"taxonomy":"category","embeddable":true,"href":"https:\/\/agora.xtec.cat\/instarragona\/wp-json\/wp\/v2\/categories?post=2769"},{"taxonomy":"post_tag","embeddable":true,"href":"https:\/\/agora.xtec.cat\/instarragona\/wp-json\/wp\/v2\/tags?post=2769"}],"curies":[{"name":"wp","href":"https:\/\/api.w.org\/{rel}","templated":true}]}}