{"id":2737,"date":"2021-11-22T07:20:14","date_gmt":"2021-11-22T06:20:14","guid":{"rendered":"https:\/\/agora.xtec.cat\/instarragona\/?p=2737"},"modified":"2021-11-22T10:35:44","modified_gmt":"2021-11-22T09:35:44","slug":"hachiko-el-gos-que-esperava","status":"publish","type":"post","link":"https:\/\/agora.xtec.cat\/instarragona\/general\/hachiko-el-gos-que-esperava\/","title":{"rendered":"Hachiko. El gos que esperava"},"content":{"rendered":"<p>Els alumnes de 2n d&#8217;ESO de l&#8217;Institut Tarragona han llegit el llibre <span style=\"color: #008000;\">&#8220;<strong>Hachiko<\/strong>. <strong>El gos que esperava&#8221;<\/strong><\/span>,\u00a0de Llu\u00eds Prats, durant el primer trimestre. La setmana passada van fer una activitat de lectura en la qual van escollir i van comentar els fragments m\u00e9s bonics del llibre. Tots els alumnes van portar un objecte que els record\u00e9s la hist\u00f2ria narrada en aquesta novel\u00b7la i van explicar per qu\u00e8 havien triat aquest objecte. Claus, trens, peluixos, fulles seques, pilotes, collars, capses de te, per il\u00b7lustrar el m\u00f3n de la cultura japonesa al voltant d&#8217;una hist\u00f2ria real.<\/p>\n<p><img loading=\"lazy\" decoding=\"async\" class=\"aligncenter size-full wp-image-2742\" src=\"https:\/\/agora.xtec.cat\/instarragona\/wp-content\/uploads\/usu484\/2021\/11\/IMG_20211113_082629-scaled.jpg\" alt=\"\" width=\"2560\" height=\"1597\" srcset=\"https:\/\/agora.xtec.cat\/instarragona\/wp-content\/uploads\/usu484\/2021\/11\/IMG_20211113_082629-scaled.jpg 2560w, https:\/\/agora.xtec.cat\/instarragona\/wp-content\/uploads\/usu484\/2021\/11\/IMG_20211113_082629-300x187.jpg 300w, https:\/\/agora.xtec.cat\/instarragona\/wp-content\/uploads\/usu484\/2021\/11\/IMG_20211113_082629-1024x639.jpg 1024w, https:\/\/agora.xtec.cat\/instarragona\/wp-content\/uploads\/usu484\/2021\/11\/IMG_20211113_082629-768x479.jpg 768w, https:\/\/agora.xtec.cat\/instarragona\/wp-content\/uploads\/usu484\/2021\/11\/IMG_20211113_082629-1536x958.jpg 1536w, https:\/\/agora.xtec.cat\/instarragona\/wp-content\/uploads\/usu484\/2021\/11\/IMG_20211113_082629-2048x1278.jpg 2048w\" sizes=\"auto, (max-width: 2560px) 100vw, 2560px\" \/><\/p>\n<p>&nbsp;<\/p>\n<p><img loading=\"lazy\" decoding=\"async\" class=\"aligncenter size-full wp-image-2743\" src=\"https:\/\/agora.xtec.cat\/instarragona\/wp-content\/uploads\/usu484\/2021\/11\/Captura-de-pantalla-2021-11-22-071502.png\" alt=\"\" width=\"1017\" height=\"766\" srcset=\"https:\/\/agora.xtec.cat\/instarragona\/wp-content\/uploads\/usu484\/2021\/11\/Captura-de-pantalla-2021-11-22-071502.png 1017w, https:\/\/agora.xtec.cat\/instarragona\/wp-content\/uploads\/usu484\/2021\/11\/Captura-de-pantalla-2021-11-22-071502-300x226.png 300w, https:\/\/agora.xtec.cat\/instarragona\/wp-content\/uploads\/usu484\/2021\/11\/Captura-de-pantalla-2021-11-22-071502-768x578.png 768w, https:\/\/agora.xtec.cat\/instarragona\/wp-content\/uploads\/usu484\/2021\/11\/Captura-de-pantalla-2021-11-22-071502-200x150.png 200w\" sizes=\"auto, (max-width: 1017px) 100vw, 1017px\" \/><\/p>\n<p>&nbsp;<\/p>\n<p><img loading=\"lazy\" decoding=\"async\" class=\"aligncenter size-full wp-image-2744\" src=\"https:\/\/agora.xtec.cat\/instarragona\/wp-content\/uploads\/usu484\/2021\/11\/Captura-de-pantalla-2021-11-22-071615.png\" alt=\"\" width=\"1015\" height=\"558\" srcset=\"https:\/\/agora.xtec.cat\/instarragona\/wp-content\/uploads\/usu484\/2021\/11\/Captura-de-pantalla-2021-11-22-071615.png 1015w, https:\/\/agora.xtec.cat\/instarragona\/wp-content\/uploads\/usu484\/2021\/11\/Captura-de-pantalla-2021-11-22-071615-300x165.png 300w, https:\/\/agora.xtec.cat\/instarragona\/wp-content\/uploads\/usu484\/2021\/11\/Captura-de-pantalla-2021-11-22-071615-768x422.png 768w\" sizes=\"auto, (max-width: 1015px) 100vw, 1015px\" \/> <img loading=\"lazy\" decoding=\"async\" class=\"aligncenter size-full wp-image-2745\" src=\"https:\/\/agora.xtec.cat\/instarragona\/wp-content\/uploads\/usu484\/2021\/11\/Captura-de-pantalla-2021-11-22-071704.png\" alt=\"\" width=\"1003\" height=\"747\" srcset=\"https:\/\/agora.xtec.cat\/instarragona\/wp-content\/uploads\/usu484\/2021\/11\/Captura-de-pantalla-2021-11-22-071704.png 1003w, https:\/\/agora.xtec.cat\/instarragona\/wp-content\/uploads\/usu484\/2021\/11\/Captura-de-pantalla-2021-11-22-071704-300x223.png 300w, https:\/\/agora.xtec.cat\/instarragona\/wp-content\/uploads\/usu484\/2021\/11\/Captura-de-pantalla-2021-11-22-071704-768x572.png 768w, https:\/\/agora.xtec.cat\/instarragona\/wp-content\/uploads\/usu484\/2021\/11\/Captura-de-pantalla-2021-11-22-071704-200x150.png 200w\" sizes=\"auto, (max-width: 1003px) 100vw, 1003px\" \/> <img loading=\"lazy\" decoding=\"async\" class=\"aligncenter size-full wp-image-2746\" src=\"https:\/\/agora.xtec.cat\/instarragona\/wp-content\/uploads\/usu484\/2021\/11\/Captura-de-pantalla-2021-11-22-071756.png\" alt=\"\" width=\"933\" height=\"751\" srcset=\"https:\/\/agora.xtec.cat\/instarragona\/wp-content\/uploads\/usu484\/2021\/11\/Captura-de-pantalla-2021-11-22-071756.png 933w, https:\/\/agora.xtec.cat\/instarragona\/wp-content\/uploads\/usu484\/2021\/11\/Captura-de-pantalla-2021-11-22-071756-300x241.png 300w, https:\/\/agora.xtec.cat\/instarragona\/wp-content\/uploads\/usu484\/2021\/11\/Captura-de-pantalla-2021-11-22-071756-768x618.png 768w\" sizes=\"auto, (max-width: 933px) 100vw, 933px\" \/><\/p>\n<div><\/div>\n<div><\/div>\n","protected":false},"excerpt":{"rendered":"<p>Els alumnes de 2n d&#8217;ESO de l&#8217;Institut Tarragona han llegit el llibre &#8220;Hachiko. El gos que esperava&#8221;,\u00a0de Llu\u00eds Prats, durant el primer trimestre. La setmana passada van fer una activitat de lectura en la qual van escollir i van comentar els fragments m\u00e9s bonics del&hellip;  <a href=\"https:\/\/agora.xtec.cat\/instarragona\/general\/hachiko-el-gos-que-esperava\/\" title=\"Read Hachiko. El gos que esperava\">Llegeix m\u00e9s\u00bb<\/a><\/p>\n","protected":false},"author":1,"featured_media":2745,"comment_status":"open","ping_status":"closed","sticky":false,"template":"","format":"standard","meta":{"_bbp_topic_count":0,"_bbp_reply_count":0,"_bbp_total_topic_count":0,"_bbp_total_reply_count":0,"_bbp_voice_count":0,"_bbp_anonymous_reply_count":0,"_bbp_topic_count_hidden":0,"_bbp_reply_count_hidden":0,"_bbp_forum_subforum_count":0,"footnotes":""},"categories":[5,1,29],"tags":[119],"class_list":["post-2737","post","type-post","status-publish","format-standard","has-post-thumbnail","hentry","category-eso-2","category-general","category-portada","tag-catala"],"post_mailing_queue_ids":[],"_links":{"self":[{"href":"https:\/\/agora.xtec.cat\/instarragona\/wp-json\/wp\/v2\/posts\/2737","targetHints":{"allow":["GET"]}}],"collection":[{"href":"https:\/\/agora.xtec.cat\/instarragona\/wp-json\/wp\/v2\/posts"}],"about":[{"href":"https:\/\/agora.xtec.cat\/instarragona\/wp-json\/wp\/v2\/types\/post"}],"author":[{"embeddable":true,"href":"https:\/\/agora.xtec.cat\/instarragona\/wp-json\/wp\/v2\/users\/1"}],"replies":[{"embeddable":true,"href":"https:\/\/agora.xtec.cat\/instarragona\/wp-json\/wp\/v2\/comments?post=2737"}],"version-history":[{"count":3,"href":"https:\/\/agora.xtec.cat\/instarragona\/wp-json\/wp\/v2\/posts\/2737\/revisions"}],"predecessor-version":[{"id":2762,"href":"https:\/\/agora.xtec.cat\/instarragona\/wp-json\/wp\/v2\/posts\/2737\/revisions\/2762"}],"wp:featuredmedia":[{"embeddable":true,"href":"https:\/\/agora.xtec.cat\/instarragona\/wp-json\/wp\/v2\/media\/2745"}],"wp:attachment":[{"href":"https:\/\/agora.xtec.cat\/instarragona\/wp-json\/wp\/v2\/media?parent=2737"}],"wp:term":[{"taxonomy":"category","embeddable":true,"href":"https:\/\/agora.xtec.cat\/instarragona\/wp-json\/wp\/v2\/categories?post=2737"},{"taxonomy":"post_tag","embeddable":true,"href":"https:\/\/agora.xtec.cat\/instarragona\/wp-json\/wp\/v2\/tags?post=2737"}],"curies":[{"name":"wp","href":"https:\/\/api.w.org\/{rel}","templated":true}]}}