{"id":2726,"date":"2021-11-11T10:43:09","date_gmt":"2021-11-11T09:43:09","guid":{"rendered":"https:\/\/agora.xtec.cat\/instarragona\/?p=2726"},"modified":"2021-11-11T10:43:38","modified_gmt":"2021-11-11T09:43:38","slug":"ice-breaker-activity-ens-coneixem","status":"publish","type":"post","link":"https:\/\/agora.xtec.cat\/instarragona\/eso\/eso-4\/ice-breaker-activity-ens-coneixem\/","title":{"rendered":"Ice breaker activity &#8211; ens coneixem!"},"content":{"rendered":"<p>Ens hem conegut!\u00a0Els alumnes seleccionats del projecte\u00a0<span style=\"color: #008000;\"><strong>\u201cCLIMATE EMERGENCY IN EUROPE\u201d <\/strong><\/span>han tingut l&#8217;oportunitat de con\u00e8ixer els seus &#8220;parners&#8221; d&#8217;Alemanya, Pol\u00f2nia i Finl\u00e0ndia. Ja tocava!<\/p>\n<p>Una primera activitat, senzilla i creativa que ens ha perm\u00e8s trencar el gel i mirar endavant. El projecte ja est\u00e0 en marxa de deb\u00f2!<\/p>\n<p><img loading=\"lazy\" decoding=\"async\" class=\"aligncenter wp-image-2727\" src=\"https:\/\/agora.xtec.cat\/instarragona\/wp-content\/uploads\/usu484\/2021\/11\/cap2-1.jpg\" alt=\"\" width=\"612\" height=\"453\" srcset=\"https:\/\/agora.xtec.cat\/instarragona\/wp-content\/uploads\/usu484\/2021\/11\/cap2-1.jpg 1120w, https:\/\/agora.xtec.cat\/instarragona\/wp-content\/uploads\/usu484\/2021\/11\/cap2-1-300x222.jpg 300w, https:\/\/agora.xtec.cat\/instarragona\/wp-content\/uploads\/usu484\/2021\/11\/cap2-1-1024x757.jpg 1024w, https:\/\/agora.xtec.cat\/instarragona\/wp-content\/uploads\/usu484\/2021\/11\/cap2-1-768x568.jpg 768w\" sizes=\"auto, (max-width: 612px) 100vw, 612px\" \/><\/p>\n<p>&nbsp;<\/p>\n<p><img loading=\"lazy\" decoding=\"async\" class=\"aligncenter wp-image-2728\" src=\"https:\/\/agora.xtec.cat\/instarragona\/wp-content\/uploads\/usu484\/2021\/11\/cap3-1.jpg\" alt=\"\" width=\"619\" height=\"460\" srcset=\"https:\/\/agora.xtec.cat\/instarragona\/wp-content\/uploads\/usu484\/2021\/11\/cap3-1.jpg 1128w, https:\/\/agora.xtec.cat\/instarragona\/wp-content\/uploads\/usu484\/2021\/11\/cap3-1-300x223.jpg 300w, https:\/\/agora.xtec.cat\/instarragona\/wp-content\/uploads\/usu484\/2021\/11\/cap3-1-1024x761.jpg 1024w, https:\/\/agora.xtec.cat\/instarragona\/wp-content\/uploads\/usu484\/2021\/11\/cap3-1-768x571.jpg 768w, https:\/\/agora.xtec.cat\/instarragona\/wp-content\/uploads\/usu484\/2021\/11\/cap3-1-200x150.jpg 200w\" sizes=\"auto, (max-width: 619px) 100vw, 619px\" \/><\/p>\n<p>&nbsp;<\/p>\n<p><img loading=\"lazy\" decoding=\"async\" class=\"aligncenter wp-image-2729\" src=\"https:\/\/agora.xtec.cat\/instarragona\/wp-content\/uploads\/usu484\/2021\/11\/IMG_20211027_155421-2.jpg\" alt=\"\" width=\"669\" height=\"495\" srcset=\"https:\/\/agora.xtec.cat\/instarragona\/wp-content\/uploads\/usu484\/2021\/11\/IMG_20211027_155421-2.jpg 1113w, https:\/\/agora.xtec.cat\/instarragona\/wp-content\/uploads\/usu484\/2021\/11\/IMG_20211027_155421-2-300x222.jpg 300w, https:\/\/agora.xtec.cat\/instarragona\/wp-content\/uploads\/usu484\/2021\/11\/IMG_20211027_155421-2-1024x757.jpg 1024w, https:\/\/agora.xtec.cat\/instarragona\/wp-content\/uploads\/usu484\/2021\/11\/IMG_20211027_155421-2-768x568.jpg 768w\" sizes=\"auto, (max-width: 669px) 100vw, 669px\" \/><\/p>\n<p>&nbsp;<\/p>\n<p>M\u00e9s imatges <a href=\"https:\/\/drive.google.com\/drive\/folders\/1HzcLcz2EXAIK2fcwKKF77OPNzZKPIqpX?usp=sharing\"><strong>aqu\u00ed<\/strong> <\/a>mateix!<\/p>\n<p><img loading=\"lazy\" decoding=\"async\" class=\"aligncenter size-full wp-image-1596\" src=\"https:\/\/agora.xtec.cat\/instarragona\/wp-content\/uploads\/usu484\/2019\/02\/baixa.png\" alt=\"\" width=\"456\" height=\"110\" srcset=\"https:\/\/agora.xtec.cat\/instarragona\/wp-content\/uploads\/usu484\/2019\/02\/baixa.png 456w, https:\/\/agora.xtec.cat\/instarragona\/wp-content\/uploads\/usu484\/2019\/02\/baixa-300x72.png 300w\" sizes=\"auto, (max-width: 456px) 100vw, 456px\" \/><\/p>\n<p>&nbsp;<\/p>\n","protected":false},"excerpt":{"rendered":"<p>Ens hem conegut!\u00a0Els alumnes seleccionats del projecte\u00a0\u201cCLIMATE EMERGENCY IN EUROPE\u201d han tingut l&#8217;oportunitat de con\u00e8ixer els seus &#8220;parners&#8221; d&#8217;Alemanya, Pol\u00f2nia i Finl\u00e0ndia. Ja tocava!<br \/>\nUna primera activitat, senzilla i creativa que ens ha perm\u00e8s trencar el gel i mirar endavant. El projecte ja est\u00e0 en marxa&hellip;  <a href=\"https:\/\/agora.xtec.cat\/instarragona\/eso\/eso-4\/ice-breaker-activity-ens-coneixem\/\" title=\"Read Ice breaker activity &#8211; ens coneixem!\">Llegeix m\u00e9s\u00bb<\/a><\/p>\n","protected":false},"author":1,"featured_media":2728,"comment_status":"open","ping_status":"closed","sticky":false,"template":"","format":"standard","meta":{"_bbp_topic_count":0,"_bbp_reply_count":0,"_bbp_total_topic_count":0,"_bbp_total_reply_count":0,"_bbp_voice_count":0,"_bbp_anonymous_reply_count":0,"_bbp_topic_count_hidden":0,"_bbp_reply_count_hidden":0,"_bbp_forum_subforum_count":0,"footnotes":""},"categories":[7,29],"tags":[132,101],"class_list":["post-2726","post","type-post","status-publish","format-standard","has-post-thumbnail","hentry","category-eso-4","category-portada","tag-erasmus-k2-ec","tag-erasmus"],"post_mailing_queue_ids":[],"_links":{"self":[{"href":"https:\/\/agora.xtec.cat\/instarragona\/wp-json\/wp\/v2\/posts\/2726","targetHints":{"allow":["GET"]}}],"collection":[{"href":"https:\/\/agora.xtec.cat\/instarragona\/wp-json\/wp\/v2\/posts"}],"about":[{"href":"https:\/\/agora.xtec.cat\/instarragona\/wp-json\/wp\/v2\/types\/post"}],"author":[{"embeddable":true,"href":"https:\/\/agora.xtec.cat\/instarragona\/wp-json\/wp\/v2\/users\/1"}],"replies":[{"embeddable":true,"href":"https:\/\/agora.xtec.cat\/instarragona\/wp-json\/wp\/v2\/comments?post=2726"}],"version-history":[{"count":2,"href":"https:\/\/agora.xtec.cat\/instarragona\/wp-json\/wp\/v2\/posts\/2726\/revisions"}],"predecessor-version":[{"id":2731,"href":"https:\/\/agora.xtec.cat\/instarragona\/wp-json\/wp\/v2\/posts\/2726\/revisions\/2731"}],"wp:featuredmedia":[{"embeddable":true,"href":"https:\/\/agora.xtec.cat\/instarragona\/wp-json\/wp\/v2\/media\/2728"}],"wp:attachment":[{"href":"https:\/\/agora.xtec.cat\/instarragona\/wp-json\/wp\/v2\/media?parent=2726"}],"wp:term":[{"taxonomy":"category","embeddable":true,"href":"https:\/\/agora.xtec.cat\/instarragona\/wp-json\/wp\/v2\/categories?post=2726"},{"taxonomy":"post_tag","embeddable":true,"href":"https:\/\/agora.xtec.cat\/instarragona\/wp-json\/wp\/v2\/tags?post=2726"}],"curies":[{"name":"wp","href":"https:\/\/api.w.org\/{rel}","templated":true}]}}