{"id":2721,"date":"2021-11-11T10:29:43","date_gmt":"2021-11-11T09:29:43","guid":{"rendered":"https:\/\/agora.xtec.cat\/instarragona\/?p=2721"},"modified":"2021-11-11T10:45:45","modified_gmt":"2021-11-11T09:45:45","slug":"cistelles-solidaries","status":"publish","type":"post","link":"https:\/\/agora.xtec.cat\/instarragona\/portada\/cistelles-solidaries\/","title":{"rendered":"Cistelles solid\u00e0ries"},"content":{"rendered":"<p>Els alumnes de 2n ESO van participar a l&#8217;activitat &#8220;Cistelles solid\u00e0ries&#8221; organitzada pel Departament de matem\u00e0tiques.<\/p>\n<p>Enhorabona a tots els participants per les excel\u00b7lents cistelles <img decoding=\"async\" src=\"https:\/\/fonts.gstatic.com\/s\/e\/notoemoji\/13.1.1\/1f44f\/32.png\" alt=\"\ud83d\udc4f\" data-emoji=\"\ud83d\udc4f\" aria-label=\"\ud83d\udc4f\" \/><img decoding=\"async\" src=\"https:\/\/fonts.gstatic.com\/s\/e\/notoemoji\/13.1.1\/1f44f\/32.png\" alt=\"\ud83d\udc4f\" data-emoji=\"\ud83d\udc4f\" aria-label=\"\ud83d\udc4f\" \/><\/p>\n<div dir=\"auto\"><img loading=\"lazy\" decoding=\"async\" class=\"aligncenter  wp-image-2722\" src=\"https:\/\/agora.xtec.cat\/instarragona\/wp-content\/uploads\/usu484\/2021\/11\/cap2.jpg\" alt=\"\" width=\"899\" height=\"686\" srcset=\"https:\/\/agora.xtec.cat\/instarragona\/wp-content\/uploads\/usu484\/2021\/11\/cap2.jpg 1110w, https:\/\/agora.xtec.cat\/instarragona\/wp-content\/uploads\/usu484\/2021\/11\/cap2-300x229.jpg 300w, https:\/\/agora.xtec.cat\/instarragona\/wp-content\/uploads\/usu484\/2021\/11\/cap2-1024x781.jpg 1024w, https:\/\/agora.xtec.cat\/instarragona\/wp-content\/uploads\/usu484\/2021\/11\/cap2-768x586.jpg 768w\" sizes=\"auto, (max-width: 899px) 100vw, 899px\" \/><\/div>\n<div dir=\"auto\"><\/div>\n<div dir=\"auto\"><\/div>\n<div dir=\"auto\"><\/div>\n<div dir=\"auto\"><\/div>\n<div dir=\"auto\"><img loading=\"lazy\" decoding=\"async\" class=\"aligncenter  wp-image-2723\" src=\"https:\/\/agora.xtec.cat\/instarragona\/wp-content\/uploads\/usu484\/2021\/11\/cap3.jpg\" alt=\"\" width=\"826\" height=\"602\" srcset=\"https:\/\/agora.xtec.cat\/instarragona\/wp-content\/uploads\/usu484\/2021\/11\/cap3.jpg 1118w, https:\/\/agora.xtec.cat\/instarragona\/wp-content\/uploads\/usu484\/2021\/11\/cap3-300x219.jpg 300w, https:\/\/agora.xtec.cat\/instarragona\/wp-content\/uploads\/usu484\/2021\/11\/cap3-1024x746.jpg 1024w, https:\/\/agora.xtec.cat\/instarragona\/wp-content\/uploads\/usu484\/2021\/11\/cap3-768x560.jpg 768w\" sizes=\"auto, (max-width: 826px) 100vw, 826px\" \/><\/div>\n<div dir=\"auto\"><\/div>\n<div dir=\"auto\"><\/div>\n<div dir=\"auto\"><\/div>\n<div dir=\"auto\"><\/div>\n<div dir=\"auto\"><\/div>\n<div dir=\"auto\"><img loading=\"lazy\" decoding=\"async\" class=\"aligncenter  wp-image-2724\" src=\"https:\/\/agora.xtec.cat\/instarragona\/wp-content\/uploads\/usu484\/2021\/11\/IMG_20211027_155421-1.jpg\" alt=\"\" width=\"567\" height=\"706\" srcset=\"https:\/\/agora.xtec.cat\/instarragona\/wp-content\/uploads\/usu484\/2021\/11\/IMG_20211027_155421-1.jpg 626w, https:\/\/agora.xtec.cat\/instarragona\/wp-content\/uploads\/usu484\/2021\/11\/IMG_20211027_155421-1-241x300.jpg 241w\" sizes=\"auto, (max-width: 567px) 100vw, 567px\" \/><\/div>\n<div dir=\"auto\"><\/div>\n<div dir=\"auto\"><\/div>\n<div dir=\"auto\"><\/div>\n<div dir=\"auto\"><\/div>\n<div dir=\"auto\"><\/div>\n<div dir=\"auto\"><\/div>\n","protected":false},"excerpt":{"rendered":"<p>Els alumnes de 2n ESO van participar a l&#8217;activitat &#8220;Cistelles solid\u00e0ries&#8221; organitzada pel Departament de matem\u00e0tiques.<br \/>\nEnhorabona a tots els participants per les excel\u00b7lents cistelles <\/p>\n","protected":false},"author":1,"featured_media":2723,"comment_status":"open","ping_status":"closed","sticky":false,"template":"","format":"standard","meta":{"_bbp_topic_count":0,"_bbp_reply_count":0,"_bbp_total_topic_count":0,"_bbp_total_reply_count":0,"_bbp_voice_count":0,"_bbp_anonymous_reply_count":0,"_bbp_topic_count_hidden":0,"_bbp_reply_count_hidden":0,"_bbp_forum_subforum_count":0,"footnotes":""},"categories":[29],"tags":[41],"class_list":["post-2721","post","type-post","status-publish","format-standard","has-post-thumbnail","hentry","category-portada","tag-matematiques"],"post_mailing_queue_ids":[],"_links":{"self":[{"href":"https:\/\/agora.xtec.cat\/instarragona\/wp-json\/wp\/v2\/posts\/2721","targetHints":{"allow":["GET"]}}],"collection":[{"href":"https:\/\/agora.xtec.cat\/instarragona\/wp-json\/wp\/v2\/posts"}],"about":[{"href":"https:\/\/agora.xtec.cat\/instarragona\/wp-json\/wp\/v2\/types\/post"}],"author":[{"embeddable":true,"href":"https:\/\/agora.xtec.cat\/instarragona\/wp-json\/wp\/v2\/users\/1"}],"replies":[{"embeddable":true,"href":"https:\/\/agora.xtec.cat\/instarragona\/wp-json\/wp\/v2\/comments?post=2721"}],"version-history":[{"count":2,"href":"https:\/\/agora.xtec.cat\/instarragona\/wp-json\/wp\/v2\/posts\/2721\/revisions"}],"predecessor-version":[{"id":2732,"href":"https:\/\/agora.xtec.cat\/instarragona\/wp-json\/wp\/v2\/posts\/2721\/revisions\/2732"}],"wp:featuredmedia":[{"embeddable":true,"href":"https:\/\/agora.xtec.cat\/instarragona\/wp-json\/wp\/v2\/media\/2723"}],"wp:attachment":[{"href":"https:\/\/agora.xtec.cat\/instarragona\/wp-json\/wp\/v2\/media?parent=2721"}],"wp:term":[{"taxonomy":"category","embeddable":true,"href":"https:\/\/agora.xtec.cat\/instarragona\/wp-json\/wp\/v2\/categories?post=2721"},{"taxonomy":"post_tag","embeddable":true,"href":"https:\/\/agora.xtec.cat\/instarragona\/wp-json\/wp\/v2\/tags?post=2721"}],"curies":[{"name":"wp","href":"https:\/\/api.w.org\/{rel}","templated":true}]}}