{"id":2709,"date":"2021-11-05T12:28:24","date_gmt":"2021-11-05T11:28:24","guid":{"rendered":"https:\/\/agora.xtec.cat\/instarragona\/?p=2709"},"modified":"2021-11-05T12:28:51","modified_gmt":"2021-11-05T11:28:51","slug":"reutilitzem-i-creem","status":"publish","type":"post","link":"https:\/\/agora.xtec.cat\/instarragona\/eso\/reutilitzem-i-creem\/","title":{"rendered":"Dissenyem reutilitzant"},"content":{"rendered":"<p>Els alumnes de 1r d&#8217;ESO de Tecnologia han apr\u00e8s\u00a0les fases del proc\u00e9s tecnol\u00f2gic i ho han aplicat al disseny i la construcci\u00f3 d&#8217;un organitzador d&#8217;escriptori. La condici\u00f3 era fer servir principalment materials reciclats, com per exemple els cartrons dels rotllos de paper de v\u00e0ter. Com veieu, han treballat molt b\u00e9 i han aconseguit uns organitzadors molt originals. Molt bona feina!<\/p>\n<p><img loading=\"lazy\" decoding=\"async\" class=\"aligncenter size-full wp-image-2711\" src=\"https:\/\/agora.xtec.cat\/instarragona\/wp-content\/uploads\/usu484\/2021\/11\/organitzador-1.jpg\" alt=\"\" width=\"2000\" height=\"1600\" srcset=\"https:\/\/agora.xtec.cat\/instarragona\/wp-content\/uploads\/usu484\/2021\/11\/organitzador-1.jpg 2000w, https:\/\/agora.xtec.cat\/instarragona\/wp-content\/uploads\/usu484\/2021\/11\/organitzador-1-300x240.jpg 300w, https:\/\/agora.xtec.cat\/instarragona\/wp-content\/uploads\/usu484\/2021\/11\/organitzador-1-1024x819.jpg 1024w, https:\/\/agora.xtec.cat\/instarragona\/wp-content\/uploads\/usu484\/2021\/11\/organitzador-1-768x614.jpg 768w, https:\/\/agora.xtec.cat\/instarragona\/wp-content\/uploads\/usu484\/2021\/11\/organitzador-1-1536x1229.jpg 1536w\" sizes=\"auto, (max-width: 2000px) 100vw, 2000px\" \/><\/p>\n","protected":false},"excerpt":{"rendered":"<p>Els alumnes de 1r d&#8217;ESO de Tecnologia han apr\u00e8s\u00a0les fases del proc\u00e9s tecnol\u00f2gic i ho han aplicat al disseny i la construcci\u00f3 d&#8217;un organitzador d&#8217;escriptori. La condici\u00f3 era fer servir principalment materials reciclats, com per exemple els cartrons dels rotllos de paper de v\u00e0ter. Com&hellip;  <a href=\"https:\/\/agora.xtec.cat\/instarragona\/eso\/reutilitzem-i-creem\/\" title=\"Read Dissenyem reutilitzant\">Llegeix m\u00e9s\u00bb<\/a><\/p>\n","protected":false},"author":1,"featured_media":2710,"comment_status":"open","ping_status":"closed","sticky":false,"template":"","format":"standard","meta":{"_bbp_topic_count":0,"_bbp_reply_count":0,"_bbp_total_topic_count":0,"_bbp_total_reply_count":0,"_bbp_voice_count":0,"_bbp_anonymous_reply_count":0,"_bbp_topic_count_hidden":0,"_bbp_reply_count_hidden":0,"_bbp_forum_subforum_count":0,"footnotes":""},"categories":[3,4,29],"tags":[110],"class_list":["post-2709","post","type-post","status-publish","format-standard","has-post-thumbnail","hentry","category-eso","category-eso-1","category-portada","tag-tecnologia"],"post_mailing_queue_ids":[],"_links":{"self":[{"href":"https:\/\/agora.xtec.cat\/instarragona\/wp-json\/wp\/v2\/posts\/2709","targetHints":{"allow":["GET"]}}],"collection":[{"href":"https:\/\/agora.xtec.cat\/instarragona\/wp-json\/wp\/v2\/posts"}],"about":[{"href":"https:\/\/agora.xtec.cat\/instarragona\/wp-json\/wp\/v2\/types\/post"}],"author":[{"embeddable":true,"href":"https:\/\/agora.xtec.cat\/instarragona\/wp-json\/wp\/v2\/users\/1"}],"replies":[{"embeddable":true,"href":"https:\/\/agora.xtec.cat\/instarragona\/wp-json\/wp\/v2\/comments?post=2709"}],"version-history":[{"count":2,"href":"https:\/\/agora.xtec.cat\/instarragona\/wp-json\/wp\/v2\/posts\/2709\/revisions"}],"predecessor-version":[{"id":2713,"href":"https:\/\/agora.xtec.cat\/instarragona\/wp-json\/wp\/v2\/posts\/2709\/revisions\/2713"}],"wp:featuredmedia":[{"embeddable":true,"href":"https:\/\/agora.xtec.cat\/instarragona\/wp-json\/wp\/v2\/media\/2710"}],"wp:attachment":[{"href":"https:\/\/agora.xtec.cat\/instarragona\/wp-json\/wp\/v2\/media?parent=2709"}],"wp:term":[{"taxonomy":"category","embeddable":true,"href":"https:\/\/agora.xtec.cat\/instarragona\/wp-json\/wp\/v2\/categories?post=2709"},{"taxonomy":"post_tag","embeddable":true,"href":"https:\/\/agora.xtec.cat\/instarragona\/wp-json\/wp\/v2\/tags?post=2709"}],"curies":[{"name":"wp","href":"https:\/\/api.w.org\/{rel}","templated":true}]}}