{"id":2699,"date":"2021-11-05T12:02:44","date_gmt":"2021-11-05T11:02:44","guid":{"rendered":"https:\/\/agora.xtec.cat\/instarragona\/?p=2699"},"modified":"2021-11-05T12:03:08","modified_gmt":"2021-11-05T11:03:08","slug":"terra-sol-lluna","status":"publish","type":"post","link":"https:\/\/agora.xtec.cat\/instarragona\/general\/terra-sol-lluna\/","title":{"rendered":"Terra- Sol -Lluna"},"content":{"rendered":"<p>L\u2019alumnat de 1ESO ha realitzat i exposat les seves maquetes astron\u00f2miques per fer les posicions i les \u00f2rbites de la Terra-Sol-Lluna i modelitzar fen\u00f2mens astr\u00f2nomics com els eclipsis, estacions, fases lunars, dia i nit, durada dia i nit i marees. Ha sigut una experi\u00e8ncia molt enriquidora.<\/p>\n<p>Us felicitem. Ho heu sabut explicar molt b\u00e9!<\/p>\n<p><img loading=\"lazy\" decoding=\"async\" class=\"aligncenter size-full wp-image-2701\" src=\"https:\/\/agora.xtec.cat\/instarragona\/wp-content\/uploads\/usu484\/2021\/11\/IMG-20211105-WA0003.jpg\" alt=\"\" width=\"1600\" height=\"1200\" srcset=\"https:\/\/agora.xtec.cat\/instarragona\/wp-content\/uploads\/usu484\/2021\/11\/IMG-20211105-WA0003.jpg 1600w, https:\/\/agora.xtec.cat\/instarragona\/wp-content\/uploads\/usu484\/2021\/11\/IMG-20211105-WA0003-300x225.jpg 300w, https:\/\/agora.xtec.cat\/instarragona\/wp-content\/uploads\/usu484\/2021\/11\/IMG-20211105-WA0003-1024x768.jpg 1024w, https:\/\/agora.xtec.cat\/instarragona\/wp-content\/uploads\/usu484\/2021\/11\/IMG-20211105-WA0003-768x576.jpg 768w, https:\/\/agora.xtec.cat\/instarragona\/wp-content\/uploads\/usu484\/2021\/11\/IMG-20211105-WA0003-1536x1152.jpg 1536w, https:\/\/agora.xtec.cat\/instarragona\/wp-content\/uploads\/usu484\/2021\/11\/IMG-20211105-WA0003-200x150.jpg 200w\" sizes=\"auto, (max-width: 1600px) 100vw, 1600px\" \/><\/p>\n<p>&nbsp;<\/p>\n<p><img loading=\"lazy\" decoding=\"async\" class=\"aligncenter size-full wp-image-2702\" src=\"https:\/\/agora.xtec.cat\/instarragona\/wp-content\/uploads\/usu484\/2021\/11\/IMG-20211105-WA0004.jpg\" alt=\"\" width=\"1600\" height=\"922\" srcset=\"https:\/\/agora.xtec.cat\/instarragona\/wp-content\/uploads\/usu484\/2021\/11\/IMG-20211105-WA0004.jpg 1600w, https:\/\/agora.xtec.cat\/instarragona\/wp-content\/uploads\/usu484\/2021\/11\/IMG-20211105-WA0004-300x173.jpg 300w, https:\/\/agora.xtec.cat\/instarragona\/wp-content\/uploads\/usu484\/2021\/11\/IMG-20211105-WA0004-1024x590.jpg 1024w, https:\/\/agora.xtec.cat\/instarragona\/wp-content\/uploads\/usu484\/2021\/11\/IMG-20211105-WA0004-768x443.jpg 768w, https:\/\/agora.xtec.cat\/instarragona\/wp-content\/uploads\/usu484\/2021\/11\/IMG-20211105-WA0004-1536x885.jpg 1536w\" sizes=\"auto, (max-width: 1600px) 100vw, 1600px\" \/><\/p>\n<p>&nbsp;<\/p>\n<p><img loading=\"lazy\" decoding=\"async\" class=\"aligncenter size-full wp-image-2700\" src=\"https:\/\/agora.xtec.cat\/instarragona\/wp-content\/uploads\/usu484\/2021\/11\/IMG-20211105-WA0005.jpg\" alt=\"\" width=\"1600\" height=\"1071\" srcset=\"https:\/\/agora.xtec.cat\/instarragona\/wp-content\/uploads\/usu484\/2021\/11\/IMG-20211105-WA0005.jpg 1600w, https:\/\/agora.xtec.cat\/instarragona\/wp-content\/uploads\/usu484\/2021\/11\/IMG-20211105-WA0005-300x201.jpg 300w, https:\/\/agora.xtec.cat\/instarragona\/wp-content\/uploads\/usu484\/2021\/11\/IMG-20211105-WA0005-1024x685.jpg 1024w, https:\/\/agora.xtec.cat\/instarragona\/wp-content\/uploads\/usu484\/2021\/11\/IMG-20211105-WA0005-768x514.jpg 768w, https:\/\/agora.xtec.cat\/instarragona\/wp-content\/uploads\/usu484\/2021\/11\/IMG-20211105-WA0005-1536x1028.jpg 1536w\" sizes=\"auto, (max-width: 1600px) 100vw, 1600px\" \/><\/p>\n<p>&nbsp;<\/p>\n","protected":false},"excerpt":{"rendered":"<p>L\u2019alumnat de 1ESO ha realitzat i exposat les seves maquetes astron\u00f2miques per fer les posicions i les \u00f2rbites de la Terra-Sol-Lluna i modelitzar fen\u00f2mens astr\u00f2nomics com els eclipsis, estacions, fases lunars, dia i nit, durada dia i nit i marees. Ha sigut una experi\u00e8ncia molt&hellip;  <a href=\"https:\/\/agora.xtec.cat\/instarragona\/general\/terra-sol-lluna\/\" title=\"Read Terra- Sol -Lluna\">Llegeix m\u00e9s\u00bb<\/a><\/p>\n","protected":false},"author":1,"featured_media":2700,"comment_status":"open","ping_status":"closed","sticky":false,"template":"","format":"standard","meta":{"_bbp_topic_count":0,"_bbp_reply_count":0,"_bbp_total_topic_count":0,"_bbp_total_reply_count":0,"_bbp_voice_count":0,"_bbp_anonymous_reply_count":0,"_bbp_topic_count_hidden":0,"_bbp_reply_count_hidden":0,"_bbp_forum_subforum_count":0,"footnotes":""},"categories":[3,4,1,29],"tags":[116],"class_list":["post-2699","post","type-post","status-publish","format-standard","has-post-thumbnail","hentry","category-eso","category-eso-1","category-general","category-portada","tag-ciencies"],"post_mailing_queue_ids":[],"_links":{"self":[{"href":"https:\/\/agora.xtec.cat\/instarragona\/wp-json\/wp\/v2\/posts\/2699","targetHints":{"allow":["GET"]}}],"collection":[{"href":"https:\/\/agora.xtec.cat\/instarragona\/wp-json\/wp\/v2\/posts"}],"about":[{"href":"https:\/\/agora.xtec.cat\/instarragona\/wp-json\/wp\/v2\/types\/post"}],"author":[{"embeddable":true,"href":"https:\/\/agora.xtec.cat\/instarragona\/wp-json\/wp\/v2\/users\/1"}],"replies":[{"embeddable":true,"href":"https:\/\/agora.xtec.cat\/instarragona\/wp-json\/wp\/v2\/comments?post=2699"}],"version-history":[{"count":1,"href":"https:\/\/agora.xtec.cat\/instarragona\/wp-json\/wp\/v2\/posts\/2699\/revisions"}],"predecessor-version":[{"id":2704,"href":"https:\/\/agora.xtec.cat\/instarragona\/wp-json\/wp\/v2\/posts\/2699\/revisions\/2704"}],"wp:featuredmedia":[{"embeddable":true,"href":"https:\/\/agora.xtec.cat\/instarragona\/wp-json\/wp\/v2\/media\/2700"}],"wp:attachment":[{"href":"https:\/\/agora.xtec.cat\/instarragona\/wp-json\/wp\/v2\/media?parent=2699"}],"wp:term":[{"taxonomy":"category","embeddable":true,"href":"https:\/\/agora.xtec.cat\/instarragona\/wp-json\/wp\/v2\/categories?post=2699"},{"taxonomy":"post_tag","embeddable":true,"href":"https:\/\/agora.xtec.cat\/instarragona\/wp-json\/wp\/v2\/tags?post=2699"}],"curies":[{"name":"wp","href":"https:\/\/api.w.org\/{rel}","templated":true}]}}