{"id":2682,"date":"2021-10-26T09:44:22","date_gmt":"2021-10-26T07:44:22","guid":{"rendered":"https:\/\/agora.xtec.cat\/instarragona\/?p=2682"},"modified":"2021-10-26T09:52:26","modified_gmt":"2021-10-26T07:52:26","slug":"brotxetes-de-xocolata-qui-en-vol","status":"publish","type":"post","link":"https:\/\/agora.xtec.cat\/instarragona\/general\/brotxetes-de-xocolata-qui-en-vol\/","title":{"rendered":"Brotxetes de xocolata, qui en vol?"},"content":{"rendered":"<p>A la SIEI hem comen\u00e7at el Taller de cuina! \ud83d\ude0b<br \/>\nConeixeu la pir\u00e0mide d\u2019alimentaci\u00f3 saludable? Nosaltres tamb\u00e9!<\/p>\n<p>Vam treballar la redacci\u00f3 de les receptes que pod\u00edem fer amb ingredients crus, com amanides, maced\u00f2nies i entrepans&#8230; I hem passat a l\u2019acci\u00f3 preparant una deliciosa broxeta de fruita banyada amb xocolata! \ud83c\udf4a\ud83c\udf4c\ud83c\udf4e\ud83c\udf50\ud83c\udf51\ud83c\udf53<\/p>\n<p>Aqu\u00ed teniu algunes proves gr\u00e0fiques! L\u2019experi\u00e8ncia ha estat molt positiva i ja estem desitjant que arribi el proper dia de taller per fer (i provar) la nova recepta: panellets!<\/p>\n<p><script src=\"https:\/\/cdn.jsdelivr.net\/npm\/publicalbum@latest\/embed-ui.min.js\" async><\/script><\/p>\n<div class=\"pa-gallery-player-widget\" style=\"width: 100%; height: 480px; display: none;\" data-link=\"https:\/\/photos.app.goo.gl\/avTSDCnGtpWCZ9Bg8\" data-title=\"21-22 La cuina de la SIEI - brotxetes de xocolata\" data-description=\"10 new photos \u00b7 Album by Web i Xarxes Ins Tarragona\"><object data=\"https:\/\/lh3.googleusercontent.com\/Ts8t1cy1F2zGLuVju9fjMBY2HIBmztwDUEuNdVjyWvgxdkTspFClsy1Mr_OSE6H87P2J696CtYIQjE5ngXeXSJ8I5tdxowf7GnB_k7QTfMU2jC2umAIfpyTUc7swM8rlZe8ft1-D=w1000-h1080\" width=\"300\" height=\"150\"><\/object><br \/>\n<object data=\"https:\/\/lh3.googleusercontent.com\/baT4ImCLd1_P4gkoDDmSQEntKDybKD7OwgOll-egTgZa8GLeFLDotIAqFtCgGXZRVFTViEoY-37NyqnKV-IoxjmYLdcBUjskp60QqcNX6ivIE6LacsWtrSpyyRXiumrJaXHIsIyz=w1000-h1080\" width=\"300\" height=\"150\"><\/object><br \/>\n<object data=\"https:\/\/lh3.googleusercontent.com\/QGHoBsigkk_NnyaljXLnxzMl-kVWHJMBeNpSt1PMSS-UBycQVxKMa_HFUZxUeu6HijKO0H1UNx8rLCQWCPUVCtSpjVplfuBRlxlJ5nqYQrP5DuuUoLTxbxy73bd_7fS0a8V33WCR=w1000-h1080\" width=\"300\" height=\"150\"><\/object><br \/>\n<object data=\"https:\/\/lh3.googleusercontent.com\/H2w0-DbKrDnSF2IoFJYEizgaVWjtjo0-LbD08js0v6VMI_SkCMZLGwMg0zVwwZtp8pv6of6hB6KF_HfAJjKvL0esTzswoN7Gpw16jaU3imUiy0behL-HjgOl6Gxq2V5mOsgFavg9=w1000-h1080\" width=\"300\" height=\"150\"><\/object><br \/>\n<object data=\"https:\/\/lh3.googleusercontent.com\/I9uTlg7i1ZaMQuGllxMYt5PcXLgkNHKciCEOzjBtWM7FbYKtZVs_ViEuNfSXCkQE5lF5SnS5PpWyjCMjeYuOroCYeH9mVtB7HHP30zKoQxzRqxzl76RiI8LDZncfxDTq5KzCbHSU=w1000-h1080\" width=\"300\" height=\"150\"><\/object><br \/>\n<object data=\"https:\/\/lh3.googleusercontent.com\/bgyiIE9tOncoZmUXqq9UTL6hpdoRHpGIUjeF1B-nYbXCDS-C8c5v127mevVGvu6qjJmaxgv9tNX0f9dOeyO1h-yg1CZZDZnIKa3SyXz1vR-6c16wBn1I9naQSnFawx1VdO-k7tGE=w1000-h1080\" width=\"300\" height=\"150\"><\/object><br \/>\n<object data=\"https:\/\/lh3.googleusercontent.com\/H_WYmwCyMbc8sXK919Av5MS18aZvS3PRfSJrTbxLX_5p4S5m7nO05j1i5q-rpGWzCfn5YYNb5j5Q9yF0tYEb79Ae3Kc5ph4nl8IpnrxG-4sQiWjO3wNWwifGRzmU3q9zZT_YUu9b=w1000-h1080\" width=\"300\" height=\"150\"><\/object><br \/>\n<object data=\"https:\/\/lh3.googleusercontent.com\/goO9ZfOQH4iDSJVfaS2dvbevoxtRPQ2L1fA2O9cDuWpAUkhzsn-UyhRzGeFY5_5RPYkBMq79cvN0gZDM__NHA1qnUhu2NBbv-qjj9IBFx3Vr6Z0GObsYhk72tzVX2z4vFcdajcEI=w1000-h1080\" width=\"300\" height=\"150\"><\/object><br \/>\n<object data=\"https:\/\/lh3.googleusercontent.com\/Yr0WvZ21FyOAAvJ-fAhnUESjepdAxsu_LPVMq6eY3n3oRIaXPinhMcVQ5TUh3GXz3cbG6FRhJf5xwdPPKySM7_iFCpl1BVNfce-IwF0_E6-bG7nnUjLPDArIDlXg8aP6KIAmyJEE=w1000-h1080\" width=\"300\" height=\"150\"><\/object><br \/>\n<object data=\"https:\/\/lh3.googleusercontent.com\/TUJhbRWwfjBLG5DdTGKjiuffgqi8EwGJ6tA_YIGCqPRCBiGsJkgxtvV9Im5iZnPA6-xIAjns3q7hn3e2mxGOZ70x2JcgNhx19VOpWW3leRQPIq1ZLfNeA6kbYEEbHwHa5bZQrh9S=w1000-h1080\" width=\"300\" height=\"150\"><\/object><\/div>\n<p>&nbsp;<\/p>\n","protected":false},"excerpt":{"rendered":"<p>A la SIEI hem comen\u00e7at el Taller de cuina! \ud83d\ude0b<br \/>\nConeixeu la pir\u00e0mide d\u2019alimentaci\u00f3 saludable? Nosaltres tamb\u00e9!<br \/>\nVam treballar la redacci\u00f3 de les receptes que pod\u00edem fer amb ingredients crus, com amanides, maced\u00f2nies i entrepans&#8230; I hem passat a l\u2019acci\u00f3 preparant una deliciosa broxeta de fruita banyada&hellip;  <a href=\"https:\/\/agora.xtec.cat\/instarragona\/general\/brotxetes-de-xocolata-qui-en-vol\/\" title=\"Read Brotxetes de xocolata, qui en vol?\">Llegeix m\u00e9s\u00bb<\/a><\/p>\n","protected":false},"author":1,"featured_media":2686,"comment_status":"open","ping_status":"closed","sticky":false,"template":"","format":"standard","meta":{"_bbp_topic_count":0,"_bbp_reply_count":0,"_bbp_total_topic_count":0,"_bbp_total_reply_count":0,"_bbp_voice_count":0,"_bbp_anonymous_reply_count":0,"_bbp_topic_count_hidden":0,"_bbp_reply_count_hidden":0,"_bbp_forum_subforum_count":0,"footnotes":""},"categories":[1,29],"tags":[],"class_list":["post-2682","post","type-post","status-publish","format-standard","has-post-thumbnail","hentry","category-general","category-portada"],"post_mailing_queue_ids":[],"_links":{"self":[{"href":"https:\/\/agora.xtec.cat\/instarragona\/wp-json\/wp\/v2\/posts\/2682","targetHints":{"allow":["GET"]}}],"collection":[{"href":"https:\/\/agora.xtec.cat\/instarragona\/wp-json\/wp\/v2\/posts"}],"about":[{"href":"https:\/\/agora.xtec.cat\/instarragona\/wp-json\/wp\/v2\/types\/post"}],"author":[{"embeddable":true,"href":"https:\/\/agora.xtec.cat\/instarragona\/wp-json\/wp\/v2\/users\/1"}],"replies":[{"embeddable":true,"href":"https:\/\/agora.xtec.cat\/instarragona\/wp-json\/wp\/v2\/comments?post=2682"}],"version-history":[{"count":3,"href":"https:\/\/agora.xtec.cat\/instarragona\/wp-json\/wp\/v2\/posts\/2682\/revisions"}],"predecessor-version":[{"id":2688,"href":"https:\/\/agora.xtec.cat\/instarragona\/wp-json\/wp\/v2\/posts\/2682\/revisions\/2688"}],"wp:featuredmedia":[{"embeddable":true,"href":"https:\/\/agora.xtec.cat\/instarragona\/wp-json\/wp\/v2\/media\/2686"}],"wp:attachment":[{"href":"https:\/\/agora.xtec.cat\/instarragona\/wp-json\/wp\/v2\/media?parent=2682"}],"wp:term":[{"taxonomy":"category","embeddable":true,"href":"https:\/\/agora.xtec.cat\/instarragona\/wp-json\/wp\/v2\/categories?post=2682"},{"taxonomy":"post_tag","embeddable":true,"href":"https:\/\/agora.xtec.cat\/instarragona\/wp-json\/wp\/v2\/tags?post=2682"}],"curies":[{"name":"wp","href":"https:\/\/api.w.org\/{rel}","templated":true}]}}