{"id":2660,"date":"2021-10-13T07:34:05","date_gmt":"2021-10-13T05:34:05","guid":{"rendered":"https:\/\/agora.xtec.cat\/instarragona\/?p=2660"},"modified":"2021-10-13T07:36:46","modified_gmt":"2021-10-13T05:36:46","slug":"que-es-per-a-tu-europa","status":"publish","type":"post","link":"https:\/\/agora.xtec.cat\/instarragona\/batxillerat\/que-es-per-a-tu-europa\/","title":{"rendered":"Qu\u00e8 \u00e9s per a tu Europa"},"content":{"rendered":"<div>\n<div dir=\"ltr\">\n<p dir=\"auto\">L\u2019alumnat de 1r BATX que cursa Hist\u00f2ria del M\u00f3n Contemporani ha assistit avui a la inauguraci\u00f3 de l\u2019exposici\u00f3 fotogr\u00e0fica <strong><span style=\"color: #008000;\">\u201cQu\u00e8 \u00e9s per a tu Europa\u201d<\/span><\/strong>, un projecte de la <a role=\"link\" href=\"https:\/\/www.facebook.com\/fundaciocatalunyaeuropa\/?__cft__[0]=AZVD0lTQgJeirUZY3JVeuy4vJl2XrdGoFjDVZfsBzNJIH4R9EeuSENEx7u11fE8hVw3xuRiEiD05t8w0nUNVTMGQmsy__U9fyys6LzfQyCYqeUWce7QI_U6x-r1zxiiyzbd77lzI1eHMR5A_Bjtg4UgoiJcwFR9chWKX6dki42bx4Fp4EBPUrCiBl6GRw8OynUQ&amp;__tn__=kK-R\" target=\"_blank\" rel=\"noopener\" data-saferedirecturl=\"https:\/\/www.google.com\/url?q=https:\/\/www.facebook.com\/fundaciocatalunyaeuropa\/?__cft__%5B0%5D%3DAZVD0lTQgJeirUZY3JVeuy4vJl2XrdGoFjDVZfsBzNJIH4R9EeuSENEx7u11fE8hVw3xuRiEiD05t8w0nUNVTMGQmsy__U9fyys6LzfQyCYqeUWce7QI_U6x-r1zxiiyzbd77lzI1eHMR5A_Bjtg4UgoiJcwFR9chWKX6dki42bx4Fp4EBPUrCiBl6GRw8OynUQ%26__tn__%3DkK-R&amp;source=gmail&amp;ust=1634188052935000&amp;usg=AFQjCNEjhjsx8uU9c9bNqfl3lba6ISL1vA\">Fundaci\u00f3 Catalunya Europa<\/a> a l\u2019<a role=\"link\" href=\"https:\/\/www.facebook.com\/espaijovekesse\/?__cft__[0]=AZVD0lTQgJeirUZY3JVeuy4vJl2XrdGoFjDVZfsBzNJIH4R9EeuSENEx7u11fE8hVw3xuRiEiD05t8w0nUNVTMGQmsy__U9fyys6LzfQyCYqeUWce7QI_U6x-r1zxiiyzbd77lzI1eHMR5A_Bjtg4UgoiJcwFR9chWKX6dki42bx4Fp4EBPUrCiBl6GRw8OynUQ&amp;__tn__=kK-R\" target=\"_blank\" rel=\"noopener\" data-saferedirecturl=\"https:\/\/www.google.com\/url?q=https:\/\/www.facebook.com\/espaijovekesse\/?__cft__%5B0%5D%3DAZVD0lTQgJeirUZY3JVeuy4vJl2XrdGoFjDVZfsBzNJIH4R9EeuSENEx7u11fE8hVw3xuRiEiD05t8w0nUNVTMGQmsy__U9fyys6LzfQyCYqeUWce7QI_U6x-r1zxiiyzbd77lzI1eHMR5A_Bjtg4UgoiJcwFR9chWKX6dki42bx4Fp4EBPUrCiBl6GRw8OynUQ%26__tn__%3DkK-R&amp;source=gmail&amp;ust=1634188052935000&amp;usg=AFQjCNE_lp47ExaMZuxmg7zXM9S3Wm6RQw\">Espai Jove Kesse<\/a>. Han tingut l\u2019oportunitat de dialogar amb Jordi Sol\u00e9 diputat del Parlament Europeu del grup Els Verds\/ALE.<\/p>\n<p dir=\"auto\">Inicitiva d\u2019<a role=\"link\" href=\"https:\/\/www.facebook.com\/europedirect.tgna\/?__cft__[0]=AZVD0lTQgJeirUZY3JVeuy4vJl2XrdGoFjDVZfsBzNJIH4R9EeuSENEx7u11fE8hVw3xuRiEiD05t8w0nUNVTMGQmsy__U9fyys6LzfQyCYqeUWce7QI_U6x-r1zxiiyzbd77lzI1eHMR5A_Bjtg4UgoiJcwFR9chWKX6dki42bx4Fp4EBPUrCiBl6GRw8OynUQ&amp;__tn__=kK-R\" target=\"_blank\" rel=\"noopener\" data-saferedirecturl=\"https:\/\/www.google.com\/url?q=https:\/\/www.facebook.com\/europedirect.tgna\/?__cft__%5B0%5D%3DAZVD0lTQgJeirUZY3JVeuy4vJl2XrdGoFjDVZfsBzNJIH4R9EeuSENEx7u11fE8hVw3xuRiEiD05t8w0nUNVTMGQmsy__U9fyys6LzfQyCYqeUWce7QI_U6x-r1zxiiyzbd77lzI1eHMR5A_Bjtg4UgoiJcwFR9chWKX6dki42bx4Fp4EBPUrCiBl6GRw8OynUQ%26__tn__%3DkK-R&amp;source=gmail&amp;ust=1634188052935000&amp;usg=AFQjCNGvYtAdYzyzmFST1kbC4pjrTGZeog\">EuropeDirect Tarragona<\/a>.<\/p>\n<\/div>\n<\/div>\n<div><\/div>\n<div><img loading=\"lazy\" decoding=\"async\" class=\"aligncenter wp-image-2661\" src=\"https:\/\/agora.xtec.cat\/instarragona\/wp-content\/uploads\/usu484\/2021\/10\/IMG_4075-scaled.jpeg\" alt=\"\" width=\"593\" height=\"445\" srcset=\"https:\/\/agora.xtec.cat\/instarragona\/wp-content\/uploads\/usu484\/2021\/10\/IMG_4075-scaled.jpeg 2560w, https:\/\/agora.xtec.cat\/instarragona\/wp-content\/uploads\/usu484\/2021\/10\/IMG_4075-300x225.jpeg 300w, https:\/\/agora.xtec.cat\/instarragona\/wp-content\/uploads\/usu484\/2021\/10\/IMG_4075-1024x768.jpeg 1024w, https:\/\/agora.xtec.cat\/instarragona\/wp-content\/uploads\/usu484\/2021\/10\/IMG_4075-768x576.jpeg 768w, https:\/\/agora.xtec.cat\/instarragona\/wp-content\/uploads\/usu484\/2021\/10\/IMG_4075-1536x1152.jpeg 1536w, https:\/\/agora.xtec.cat\/instarragona\/wp-content\/uploads\/usu484\/2021\/10\/IMG_4075-2048x1536.jpeg 2048w, https:\/\/agora.xtec.cat\/instarragona\/wp-content\/uploads\/usu484\/2021\/10\/IMG_4075-200x150.jpeg 200w\" sizes=\"auto, (max-width: 593px) 100vw, 593px\" \/><\/div>\n<div><\/div>\n<div><\/div>\n<div><\/div>\n<div><img loading=\"lazy\" decoding=\"async\" class=\"aligncenter wp-image-2662\" src=\"https:\/\/agora.xtec.cat\/instarragona\/wp-content\/uploads\/usu484\/2021\/10\/IMG_4078-scaled.jpeg\" alt=\"\" width=\"599\" height=\"799\" srcset=\"https:\/\/agora.xtec.cat\/instarragona\/wp-content\/uploads\/usu484\/2021\/10\/IMG_4078-scaled.jpeg 1920w, https:\/\/agora.xtec.cat\/instarragona\/wp-content\/uploads\/usu484\/2021\/10\/IMG_4078-225x300.jpeg 225w, https:\/\/agora.xtec.cat\/instarragona\/wp-content\/uploads\/usu484\/2021\/10\/IMG_4078-768x1024.jpeg 768w, https:\/\/agora.xtec.cat\/instarragona\/wp-content\/uploads\/usu484\/2021\/10\/IMG_4078-1152x1536.jpeg 1152w, https:\/\/agora.xtec.cat\/instarragona\/wp-content\/uploads\/usu484\/2021\/10\/IMG_4078-1536x2048.jpeg 1536w\" sizes=\"auto, (max-width: 599px) 100vw, 599px\" \/><\/div>\n<div><\/div>\n<div><\/div>\n<div><\/div>\n<div><img loading=\"lazy\" decoding=\"async\" class=\"aligncenter wp-image-2663\" src=\"https:\/\/agora.xtec.cat\/instarragona\/wp-content\/uploads\/usu484\/2021\/10\/IMG_4080-scaled.jpeg\" alt=\"\" width=\"613\" height=\"460\" srcset=\"https:\/\/agora.xtec.cat\/instarragona\/wp-content\/uploads\/usu484\/2021\/10\/IMG_4080-scaled.jpeg 2560w, https:\/\/agora.xtec.cat\/instarragona\/wp-content\/uploads\/usu484\/2021\/10\/IMG_4080-300x225.jpeg 300w, https:\/\/agora.xtec.cat\/instarragona\/wp-content\/uploads\/usu484\/2021\/10\/IMG_4080-1024x768.jpeg 1024w, https:\/\/agora.xtec.cat\/instarragona\/wp-content\/uploads\/usu484\/2021\/10\/IMG_4080-768x576.jpeg 768w, https:\/\/agora.xtec.cat\/instarragona\/wp-content\/uploads\/usu484\/2021\/10\/IMG_4080-1536x1152.jpeg 1536w, https:\/\/agora.xtec.cat\/instarragona\/wp-content\/uploads\/usu484\/2021\/10\/IMG_4080-2048x1536.jpeg 2048w, https:\/\/agora.xtec.cat\/instarragona\/wp-content\/uploads\/usu484\/2021\/10\/IMG_4080-200x150.jpeg 200w\" sizes=\"auto, (max-width: 613px) 100vw, 613px\" \/><\/div>\n<div><\/div>\n<div><\/div>\n<div><\/div>\n<div><\/div>\n<div><img loading=\"lazy\" decoding=\"async\" class=\"aligncenter wp-image-2664\" src=\"https:\/\/agora.xtec.cat\/instarragona\/wp-content\/uploads\/usu484\/2021\/10\/IMG_4082-scaled.jpeg\" alt=\"\" width=\"610\" height=\"458\" srcset=\"https:\/\/agora.xtec.cat\/instarragona\/wp-content\/uploads\/usu484\/2021\/10\/IMG_4082-scaled.jpeg 2560w, https:\/\/agora.xtec.cat\/instarragona\/wp-content\/uploads\/usu484\/2021\/10\/IMG_4082-300x225.jpeg 300w, https:\/\/agora.xtec.cat\/instarragona\/wp-content\/uploads\/usu484\/2021\/10\/IMG_4082-1024x768.jpeg 1024w, https:\/\/agora.xtec.cat\/instarragona\/wp-content\/uploads\/usu484\/2021\/10\/IMG_4082-768x576.jpeg 768w, https:\/\/agora.xtec.cat\/instarragona\/wp-content\/uploads\/usu484\/2021\/10\/IMG_4082-1536x1152.jpeg 1536w, https:\/\/agora.xtec.cat\/instarragona\/wp-content\/uploads\/usu484\/2021\/10\/IMG_4082-2048x1536.jpeg 2048w, https:\/\/agora.xtec.cat\/instarragona\/wp-content\/uploads\/usu484\/2021\/10\/IMG_4082-200x150.jpeg 200w\" sizes=\"auto, (max-width: 610px) 100vw, 610px\" \/><\/div>\n<div><\/div>\n<div><\/div>\n<div><\/div>\n<div><img loading=\"lazy\" decoding=\"async\" class=\"aligncenter wp-image-2665\" src=\"https:\/\/agora.xtec.cat\/instarragona\/wp-content\/uploads\/usu484\/2021\/10\/IMG_4083-scaled.jpeg\" alt=\"\" width=\"607\" height=\"455\" srcset=\"https:\/\/agora.xtec.cat\/instarragona\/wp-content\/uploads\/usu484\/2021\/10\/IMG_4083-scaled.jpeg 2560w, https:\/\/agora.xtec.cat\/instarragona\/wp-content\/uploads\/usu484\/2021\/10\/IMG_4083-300x225.jpeg 300w, https:\/\/agora.xtec.cat\/instarragona\/wp-content\/uploads\/usu484\/2021\/10\/IMG_4083-1024x768.jpeg 1024w, https:\/\/agora.xtec.cat\/instarragona\/wp-content\/uploads\/usu484\/2021\/10\/IMG_4083-768x576.jpeg 768w, https:\/\/agora.xtec.cat\/instarragona\/wp-content\/uploads\/usu484\/2021\/10\/IMG_4083-1536x1152.jpeg 1536w, https:\/\/agora.xtec.cat\/instarragona\/wp-content\/uploads\/usu484\/2021\/10\/IMG_4083-2048x1536.jpeg 2048w, https:\/\/agora.xtec.cat\/instarragona\/wp-content\/uploads\/usu484\/2021\/10\/IMG_4083-200x150.jpeg 200w\" sizes=\"auto, (max-width: 607px) 100vw, 607px\" \/><\/div>\n<div><\/div>\n<div><\/div>\n<div><\/div>\n","protected":false},"excerpt":{"rendered":"<p>L\u2019alumnat de 1r BATX que cursa Hist\u00f2ria del M\u00f3n Contemporani ha assistit avui a la inauguraci\u00f3 de l\u2019exposici\u00f3 fotogr\u00e0fica \u201cQu\u00e8 \u00e9s per a tu Europa\u201d, un projecte de la <a role=\"link\" href=\"https:\/\/www.facebook.com\/fundaciocatalunyaeuropa\/?__cft__[0]=AZVD0lTQgJeirUZY3JVeuy4vJl2XrdGoFjDVZfsBzNJIH4R9EeuSENEx7u11fE8hVw3xuRiEiD05t8w0nUNVTMGQmsy__U9fyys6LzfQyCYqeUWce7QI_U6x-r1zxiiyzbd77lzI1eHMR5A_Bjtg4UgoiJcwFR9chWKX6dki42bx4Fp4EBPUrCiBl6GRw8OynUQ&amp;__tn__=kK-R\" target=\"_blank\" rel=\"noopener\" data-saferedirecturl=\"https:\/\/www.google.com\/url?q=https:\/\/www.facebook.com\/fundaciocatalunyaeuropa\/?__cft__%5B0%5D%3DAZVD0lTQgJeirUZY3JVeuy4vJl2XrdGoFjDVZfsBzNJIH4R9EeuSENEx7u11fE8hVw3xuRiEiD05t8w0nUNVTMGQmsy__U9fyys6LzfQyCYqeUWce7QI_U6x-r1zxiiyzbd77lzI1eHMR5A_Bjtg4UgoiJcwFR9chWKX6dki42bx4Fp4EBPUrCiBl6GRw8OynUQ%26__tn__%3DkK-R&amp;source=gmail&amp;ust=1634188052935000&amp;usg=AFQjCNEjhjsx8uU9c9bNqfl3lba6ISL1vA\">Fundaci\u00f3 Catalunya Europa<\/a> a l\u2019<a role=\"link\" href=\"https:\/\/www.facebook.com\/espaijovekesse\/?__cft__[0]=AZVD0lTQgJeirUZY3JVeuy4vJl2XrdGoFjDVZfsBzNJIH4R9EeuSENEx7u11fE8hVw3xuRiEiD05t8w0nUNVTMGQmsy__U9fyys6LzfQyCYqeUWce7QI_U6x-r1zxiiyzbd77lzI1eHMR5A_Bjtg4UgoiJcwFR9chWKX6dki42bx4Fp4EBPUrCiBl6GRw8OynUQ&amp;__tn__=kK-R\" target=\"_blank\" rel=\"noopener\" data-saferedirecturl=\"https:\/\/www.google.com\/url?q=https:\/\/www.facebook.com\/espaijovekesse\/?__cft__%5B0%5D%3DAZVD0lTQgJeirUZY3JVeuy4vJl2XrdGoFjDVZfsBzNJIH4R9EeuSENEx7u11fE8hVw3xuRiEiD05t8w0nUNVTMGQmsy__U9fyys6LzfQyCYqeUWce7QI_U6x-r1zxiiyzbd77lzI1eHMR5A_Bjtg4UgoiJcwFR9chWKX6dki42bx4Fp4EBPUrCiBl6GRw8OynUQ%26__tn__%3DkK-R&amp;source=gmail&amp;ust=1634188052935000&amp;usg=AFQjCNE_lp47ExaMZuxmg7zXM9S3Wm6RQw\">Espai Jove&hellip;  <a href=\"https:\/\/agora.xtec.cat\/instarragona\/batxillerat\/que-es-per-a-tu-europa\/\" title=\"Read Qu\u00e8 \u00e9s per a tu Europa\">Llegeix m\u00e9s\u00bb<\/a><\/p>\n","protected":false},"author":1,"featured_media":2663,"comment_status":"open","ping_status":"closed","sticky":false,"template":"","format":"standard","meta":{"_bbp_topic_count":0,"_bbp_reply_count":0,"_bbp_total_topic_count":0,"_bbp_total_reply_count":0,"_bbp_voice_count":0,"_bbp_anonymous_reply_count":0,"_bbp_topic_count_hidden":0,"_bbp_reply_count_hidden":0,"_bbp_forum_subforum_count":0,"footnotes":""},"categories":[8,29],"tags":[120],"class_list":["post-2660","post","type-post","status-publish","format-standard","has-post-thumbnail","hentry","category-batxillerat","category-portada","tag-socials"],"post_mailing_queue_ids":[],"_links":{"self":[{"href":"https:\/\/agora.xtec.cat\/instarragona\/wp-json\/wp\/v2\/posts\/2660","targetHints":{"allow":["GET"]}}],"collection":[{"href":"https:\/\/agora.xtec.cat\/instarragona\/wp-json\/wp\/v2\/posts"}],"about":[{"href":"https:\/\/agora.xtec.cat\/instarragona\/wp-json\/wp\/v2\/types\/post"}],"author":[{"embeddable":true,"href":"https:\/\/agora.xtec.cat\/instarragona\/wp-json\/wp\/v2\/users\/1"}],"replies":[{"embeddable":true,"href":"https:\/\/agora.xtec.cat\/instarragona\/wp-json\/wp\/v2\/comments?post=2660"}],"version-history":[{"count":2,"href":"https:\/\/agora.xtec.cat\/instarragona\/wp-json\/wp\/v2\/posts\/2660\/revisions"}],"predecessor-version":[{"id":2667,"href":"https:\/\/agora.xtec.cat\/instarragona\/wp-json\/wp\/v2\/posts\/2660\/revisions\/2667"}],"wp:featuredmedia":[{"embeddable":true,"href":"https:\/\/agora.xtec.cat\/instarragona\/wp-json\/wp\/v2\/media\/2663"}],"wp:attachment":[{"href":"https:\/\/agora.xtec.cat\/instarragona\/wp-json\/wp\/v2\/media?parent=2660"}],"wp:term":[{"taxonomy":"category","embeddable":true,"href":"https:\/\/agora.xtec.cat\/instarragona\/wp-json\/wp\/v2\/categories?post=2660"},{"taxonomy":"post_tag","embeddable":true,"href":"https:\/\/agora.xtec.cat\/instarragona\/wp-json\/wp\/v2\/tags?post=2660"}],"curies":[{"name":"wp","href":"https:\/\/api.w.org\/{rel}","templated":true}]}}