{"id":2630,"date":"2021-10-04T08:23:15","date_gmt":"2021-10-04T06:23:15","guid":{"rendered":"https:\/\/agora.xtec.cat\/instarragona\/?p=2630"},"modified":"2021-10-04T08:36:53","modified_gmt":"2021-10-04T06:36:53","slug":"lenergia-nuclear","status":"publish","type":"post","link":"https:\/\/agora.xtec.cat\/instarragona\/general\/lenergia-nuclear\/","title":{"rendered":"L&#8217;energia nuclear"},"content":{"rendered":"<p>En un moment energ\u00e8tic tan i tan clau com el que vivim, escoltar fonts de tota mena ens ajuda a ampliar el coneixement i a desenvolupar l&#8217;esperit cr\u00edtic.<\/p>\n<p>Pau Aragon, exalumne de l&#8217;Institut per fer una <a href=\"https:\/\/drive.google.com\/drive\/folders\/1st9UK81bxhUI89yynfcm0kFmNyd6ZfLQ?usp=sharing\">xerrada<\/a> sobre F\u00edsica Nuclear als alumnes de 2n de Batxillerat de F\u00edsica. En Pau participa en el programa de divulgaci\u00f3 cient\u00edfica de <a href=\"http:\/\/www.jovenesnucleares.org\/blog\/\" target=\"_blank\" rel=\"noopener\" data-saferedirecturl=\"https:\/\/www.google.com\/url?q=http:\/\/www.jovenesnucleares.org\/blog\/&amp;source=gmail&amp;ust=1633413998039000&amp;usg=AFQjCNGgdTWhh8-ZQ9uAdyshTte7p6jrLA\">&#8220;J\u00f3venes Nucleares&#8221;<\/a> de la Sociedad Nuclear Espa\u00f1ola. Ens va explicar el diferents tipus de radiacions que hi ha, les difer\u00e8ncies entre les reaccions nuclears de fusi\u00f3 i fissi\u00f3, els tipus de reactors, els EPI&#8217;s que cal portar per protegir-se de la radiaci\u00f3&#8230; Molt, molt interessant.<\/p>\n<p><img loading=\"lazy\" decoding=\"async\" class=\"aligncenter size-full wp-image-2632\" src=\"https:\/\/agora.xtec.cat\/instarragona\/wp-content\/uploads\/usu484\/2021\/10\/image8.jpeg\" alt=\"\" width=\"640\" height=\"480\" srcset=\"https:\/\/agora.xtec.cat\/instarragona\/wp-content\/uploads\/usu484\/2021\/10\/image8.jpeg 640w, https:\/\/agora.xtec.cat\/instarragona\/wp-content\/uploads\/usu484\/2021\/10\/image8-300x225.jpeg 300w, https:\/\/agora.xtec.cat\/instarragona\/wp-content\/uploads\/usu484\/2021\/10\/image8-200x150.jpeg 200w\" sizes=\"auto, (max-width: 640px) 100vw, 640px\" \/><\/p>\n<p>&nbsp;<\/p>\n","protected":false},"excerpt":{"rendered":"<p>En un moment energ\u00e8tic tan i tan clau com el que vivim, escoltar fonts de tota mena ens ajuda a ampliar el coneixement i a desenvolupar l&#8217;esperit cr\u00edtic.<br \/>\nPau Aragon, exalumne de l&#8217;Institut per fer una <a href=\"https:\/\/drive.google.com\/drive\/folders\/1st9UK81bxhUI89yynfcm0kFmNyd6ZfLQ?usp=sharing\">xerrada<\/a> sobre F\u00edsica Nuclear als alumnes de 2n de&hellip;  <a href=\"https:\/\/agora.xtec.cat\/instarragona\/general\/lenergia-nuclear\/\" title=\"Read L&#8217;energia nuclear\">Llegeix m\u00e9s\u00bb<\/a><\/p>\n","protected":false},"author":1,"featured_media":2631,"comment_status":"open","ping_status":"closed","sticky":false,"template":"","format":"standard","meta":{"_bbp_topic_count":0,"_bbp_reply_count":0,"_bbp_total_topic_count":0,"_bbp_total_reply_count":0,"_bbp_voice_count":0,"_bbp_anonymous_reply_count":0,"_bbp_topic_count_hidden":0,"_bbp_reply_count_hidden":0,"_bbp_forum_subforum_count":0,"footnotes":""},"categories":[1,29],"tags":[116,110],"class_list":["post-2630","post","type-post","status-publish","format-standard","has-post-thumbnail","hentry","category-general","category-portada","tag-ciencies","tag-tecnologia"],"post_mailing_queue_ids":[],"_links":{"self":[{"href":"https:\/\/agora.xtec.cat\/instarragona\/wp-json\/wp\/v2\/posts\/2630","targetHints":{"allow":["GET"]}}],"collection":[{"href":"https:\/\/agora.xtec.cat\/instarragona\/wp-json\/wp\/v2\/posts"}],"about":[{"href":"https:\/\/agora.xtec.cat\/instarragona\/wp-json\/wp\/v2\/types\/post"}],"author":[{"embeddable":true,"href":"https:\/\/agora.xtec.cat\/instarragona\/wp-json\/wp\/v2\/users\/1"}],"replies":[{"embeddable":true,"href":"https:\/\/agora.xtec.cat\/instarragona\/wp-json\/wp\/v2\/comments?post=2630"}],"version-history":[{"count":1,"href":"https:\/\/agora.xtec.cat\/instarragona\/wp-json\/wp\/v2\/posts\/2630\/revisions"}],"predecessor-version":[{"id":2633,"href":"https:\/\/agora.xtec.cat\/instarragona\/wp-json\/wp\/v2\/posts\/2630\/revisions\/2633"}],"wp:featuredmedia":[{"embeddable":true,"href":"https:\/\/agora.xtec.cat\/instarragona\/wp-json\/wp\/v2\/media\/2631"}],"wp:attachment":[{"href":"https:\/\/agora.xtec.cat\/instarragona\/wp-json\/wp\/v2\/media?parent=2630"}],"wp:term":[{"taxonomy":"category","embeddable":true,"href":"https:\/\/agora.xtec.cat\/instarragona\/wp-json\/wp\/v2\/categories?post=2630"},{"taxonomy":"post_tag","embeddable":true,"href":"https:\/\/agora.xtec.cat\/instarragona\/wp-json\/wp\/v2\/tags?post=2630"}],"curies":[{"name":"wp","href":"https:\/\/api.w.org\/{rel}","templated":true}]}}