{"id":2620,"date":"2021-10-04T08:13:27","date_gmt":"2021-10-04T06:13:27","guid":{"rendered":"https:\/\/agora.xtec.cat\/instarragona\/?p=2620"},"modified":"2021-10-04T08:13:27","modified_gmt":"2021-10-04T06:13:27","slug":"un-mon-de-colors","status":"publish","type":"post","link":"https:\/\/agora.xtec.cat\/instarragona\/portada\/un-mon-de-colors\/","title":{"rendered":"Un m\u00f3n de colors"},"content":{"rendered":"<p dir=\"auto\">Ens acomiadem de l&#8217;estiu i aprofitem per localitzar els pigments que ens ofereixen les fulles durant la tardor. Els alumnes de 4t d&#8217;ESO realitzen la pr\u00e0ctica d&#8217;extracci\u00f3 i separaci\u00f3 de pigments vegetals mitjan\u00e7ant la cromatografia.<\/p>\n<p dir=\"auto\"><img loading=\"lazy\" decoding=\"async\" class=\"aligncenter size-full wp-image-2625\" src=\"https:\/\/agora.xtec.cat\/instarragona\/wp-content\/uploads\/usu484\/2021\/10\/IMG-20210927-WA0004.jpg\" alt=\"\" width=\"2000\" height=\"1496\" srcset=\"https:\/\/agora.xtec.cat\/instarragona\/wp-content\/uploads\/usu484\/2021\/10\/IMG-20210927-WA0004.jpg 2000w, https:\/\/agora.xtec.cat\/instarragona\/wp-content\/uploads\/usu484\/2021\/10\/IMG-20210927-WA0004-300x224.jpg 300w, https:\/\/agora.xtec.cat\/instarragona\/wp-content\/uploads\/usu484\/2021\/10\/IMG-20210927-WA0004-1024x766.jpg 1024w, https:\/\/agora.xtec.cat\/instarragona\/wp-content\/uploads\/usu484\/2021\/10\/IMG-20210927-WA0004-768x574.jpg 768w, https:\/\/agora.xtec.cat\/instarragona\/wp-content\/uploads\/usu484\/2021\/10\/IMG-20210927-WA0004-1536x1149.jpg 1536w, https:\/\/agora.xtec.cat\/instarragona\/wp-content\/uploads\/usu484\/2021\/10\/IMG-20210927-WA0004-200x150.jpg 200w\" sizes=\"auto, (max-width: 2000px) 100vw, 2000px\" \/><\/p>\n<p dir=\"auto\"><img loading=\"lazy\" decoding=\"async\" class=\"aligncenter size-full wp-image-2626\" src=\"https:\/\/agora.xtec.cat\/instarragona\/wp-content\/uploads\/usu484\/2021\/10\/IMG-20210927-WA0005.jpg\" alt=\"\" width=\"2000\" height=\"1496\" srcset=\"https:\/\/agora.xtec.cat\/instarragona\/wp-content\/uploads\/usu484\/2021\/10\/IMG-20210927-WA0005.jpg 2000w, https:\/\/agora.xtec.cat\/instarragona\/wp-content\/uploads\/usu484\/2021\/10\/IMG-20210927-WA0005-300x224.jpg 300w, https:\/\/agora.xtec.cat\/instarragona\/wp-content\/uploads\/usu484\/2021\/10\/IMG-20210927-WA0005-1024x766.jpg 1024w, https:\/\/agora.xtec.cat\/instarragona\/wp-content\/uploads\/usu484\/2021\/10\/IMG-20210927-WA0005-768x574.jpg 768w, https:\/\/agora.xtec.cat\/instarragona\/wp-content\/uploads\/usu484\/2021\/10\/IMG-20210927-WA0005-1536x1149.jpg 1536w, https:\/\/agora.xtec.cat\/instarragona\/wp-content\/uploads\/usu484\/2021\/10\/IMG-20210927-WA0005-200x150.jpg 200w\" sizes=\"auto, (max-width: 2000px) 100vw, 2000px\" \/><\/p>\n<p dir=\"auto\"><img loading=\"lazy\" decoding=\"async\" class=\"aligncenter size-full wp-image-2627\" src=\"https:\/\/agora.xtec.cat\/instarragona\/wp-content\/uploads\/usu484\/2021\/10\/IMG-20210927-WA0006.jpg\" alt=\"\" width=\"2000\" height=\"1496\" srcset=\"https:\/\/agora.xtec.cat\/instarragona\/wp-content\/uploads\/usu484\/2021\/10\/IMG-20210927-WA0006.jpg 2000w, https:\/\/agora.xtec.cat\/instarragona\/wp-content\/uploads\/usu484\/2021\/10\/IMG-20210927-WA0006-300x224.jpg 300w, https:\/\/agora.xtec.cat\/instarragona\/wp-content\/uploads\/usu484\/2021\/10\/IMG-20210927-WA0006-1024x766.jpg 1024w, https:\/\/agora.xtec.cat\/instarragona\/wp-content\/uploads\/usu484\/2021\/10\/IMG-20210927-WA0006-768x574.jpg 768w, https:\/\/agora.xtec.cat\/instarragona\/wp-content\/uploads\/usu484\/2021\/10\/IMG-20210927-WA0006-1536x1149.jpg 1536w, https:\/\/agora.xtec.cat\/instarragona\/wp-content\/uploads\/usu484\/2021\/10\/IMG-20210927-WA0006-200x150.jpg 200w\" sizes=\"auto, (max-width: 2000px) 100vw, 2000px\" \/><\/p>\n<p dir=\"auto\"><img loading=\"lazy\" decoding=\"async\" class=\"aligncenter size-full wp-image-2628\" src=\"https:\/\/agora.xtec.cat\/instarragona\/wp-content\/uploads\/usu484\/2021\/10\/IMG-20210927-WA0007.jpg\" alt=\"\" width=\"1496\" height=\"2000\" srcset=\"https:\/\/agora.xtec.cat\/instarragona\/wp-content\/uploads\/usu484\/2021\/10\/IMG-20210927-WA0007.jpg 1496w, https:\/\/agora.xtec.cat\/instarragona\/wp-content\/uploads\/usu484\/2021\/10\/IMG-20210927-WA0007-224x300.jpg 224w, https:\/\/agora.xtec.cat\/instarragona\/wp-content\/uploads\/usu484\/2021\/10\/IMG-20210927-WA0007-766x1024.jpg 766w, https:\/\/agora.xtec.cat\/instarragona\/wp-content\/uploads\/usu484\/2021\/10\/IMG-20210927-WA0007-768x1027.jpg 768w, https:\/\/agora.xtec.cat\/instarragona\/wp-content\/uploads\/usu484\/2021\/10\/IMG-20210927-WA0007-1149x1536.jpg 1149w\" sizes=\"auto, (max-width: 1496px) 100vw, 1496px\" \/><\/p>\n<p dir=\"auto\">\n","protected":false},"excerpt":{"rendered":"<p>Ens acomiadem de l&#8217;estiu i aprofitem per localitzar els pigments que ens ofereixen les fulles durant la tardor. Els alumnes de 4t d&#8217;ESO realitzen la pr\u00e0ctica d&#8217;extracci\u00f3 i separaci\u00f3 de pigments vegetals mitjan\u00e7ant la cromatografia.<\/p>\n","protected":false},"author":1,"featured_media":2627,"comment_status":"open","ping_status":"closed","sticky":false,"template":"","format":"standard","meta":{"_bbp_topic_count":0,"_bbp_reply_count":0,"_bbp_total_topic_count":0,"_bbp_total_reply_count":0,"_bbp_voice_count":0,"_bbp_anonymous_reply_count":0,"_bbp_topic_count_hidden":0,"_bbp_reply_count_hidden":0,"_bbp_forum_subforum_count":0,"footnotes":""},"categories":[29],"tags":[116],"class_list":["post-2620","post","type-post","status-publish","format-standard","has-post-thumbnail","hentry","category-portada","tag-ciencies"],"post_mailing_queue_ids":[],"_links":{"self":[{"href":"https:\/\/agora.xtec.cat\/instarragona\/wp-json\/wp\/v2\/posts\/2620","targetHints":{"allow":["GET"]}}],"collection":[{"href":"https:\/\/agora.xtec.cat\/instarragona\/wp-json\/wp\/v2\/posts"}],"about":[{"href":"https:\/\/agora.xtec.cat\/instarragona\/wp-json\/wp\/v2\/types\/post"}],"author":[{"embeddable":true,"href":"https:\/\/agora.xtec.cat\/instarragona\/wp-json\/wp\/v2\/users\/1"}],"replies":[{"embeddable":true,"href":"https:\/\/agora.xtec.cat\/instarragona\/wp-json\/wp\/v2\/comments?post=2620"}],"version-history":[{"count":1,"href":"https:\/\/agora.xtec.cat\/instarragona\/wp-json\/wp\/v2\/posts\/2620\/revisions"}],"predecessor-version":[{"id":2629,"href":"https:\/\/agora.xtec.cat\/instarragona\/wp-json\/wp\/v2\/posts\/2620\/revisions\/2629"}],"wp:featuredmedia":[{"embeddable":true,"href":"https:\/\/agora.xtec.cat\/instarragona\/wp-json\/wp\/v2\/media\/2627"}],"wp:attachment":[{"href":"https:\/\/agora.xtec.cat\/instarragona\/wp-json\/wp\/v2\/media?parent=2620"}],"wp:term":[{"taxonomy":"category","embeddable":true,"href":"https:\/\/agora.xtec.cat\/instarragona\/wp-json\/wp\/v2\/categories?post=2620"},{"taxonomy":"post_tag","embeddable":true,"href":"https:\/\/agora.xtec.cat\/instarragona\/wp-json\/wp\/v2\/tags?post=2620"}],"curies":[{"name":"wp","href":"https:\/\/api.w.org\/{rel}","templated":true}]}}