{"id":2617,"date":"2021-10-01T10:58:25","date_gmt":"2021-10-01T08:58:25","guid":{"rendered":"https:\/\/agora.xtec.cat\/instarragona\/?p=2617"},"modified":"2021-10-01T10:58:25","modified_gmt":"2021-10-01T08:58:25","slug":"lemocionometre","status":"publish","type":"post","link":"https:\/\/agora.xtec.cat\/instarragona\/portada\/lemocionometre\/","title":{"rendered":"L&#8217;emocion\u00f2metre"},"content":{"rendered":"<p>Des del SIEI de l&#8217;Institut Tarragona de 8.00 a 9.00 h. destinem un espai espec\u00edfic per a entrenar la intel\u00b7lig\u00e8ncia emocional. L&#8217;emocion\u00f2metre \u00e9s un dels instruments que utilitza l&#8217;alumnat i el professorat per aprendre a identificar i gestionar de manera adequada cada emoci\u00f3. Cada mat\u00ed, els alumnes expressen com se senten i poden comprovar l&#8217;estat an\u00edmic del grup- classe. Partim de la idea que totes les emocions s\u00f3n necess\u00e0ries! Encara que algunes siguin m\u00e9s agradables que d&#8217;altres!<\/p>\n<p><img loading=\"lazy\" decoding=\"async\" class=\"aligncenter  wp-image-2618\" src=\"https:\/\/agora.xtec.cat\/instarragona\/wp-content\/uploads\/usu484\/2021\/10\/Captura.jpg\" alt=\"\" width=\"595\" height=\"414\" srcset=\"https:\/\/agora.xtec.cat\/instarragona\/wp-content\/uploads\/usu484\/2021\/10\/Captura.jpg 438w, https:\/\/agora.xtec.cat\/instarragona\/wp-content\/uploads\/usu484\/2021\/10\/Captura-300x209.jpg 300w\" sizes=\"auto, (max-width: 595px) 100vw, 595px\" \/><\/p>\n","protected":false},"excerpt":{"rendered":"<p>Des del SIEI de l&#8217;Institut Tarragona de 8.00 a 9.00 h. destinem un espai espec\u00edfic per a entrenar la intel\u00b7lig\u00e8ncia emocional. L&#8217;emocion\u00f2metre \u00e9s un dels instruments que utilitza l&#8217;alumnat i el professorat per aprendre a identificar i gestionar de manera adequada cada emoci\u00f3. Cada mat\u00ed,&hellip;  <a href=\"https:\/\/agora.xtec.cat\/instarragona\/portada\/lemocionometre\/\" title=\"Read L&#8217;emocion\u00f2metre\">Llegeix m\u00e9s\u00bb<\/a><\/p>\n","protected":false},"author":1,"featured_media":2618,"comment_status":"open","ping_status":"closed","sticky":false,"template":"","format":"standard","meta":{"_bbp_topic_count":0,"_bbp_reply_count":0,"_bbp_total_topic_count":0,"_bbp_total_reply_count":0,"_bbp_voice_count":0,"_bbp_anonymous_reply_count":0,"_bbp_topic_count_hidden":0,"_bbp_reply_count_hidden":0,"_bbp_forum_subforum_count":0,"footnotes":""},"categories":[29],"tags":[122],"class_list":["post-2617","post","type-post","status-publish","format-standard","has-post-thumbnail","hentry","category-portada","tag-siei"],"post_mailing_queue_ids":[],"_links":{"self":[{"href":"https:\/\/agora.xtec.cat\/instarragona\/wp-json\/wp\/v2\/posts\/2617","targetHints":{"allow":["GET"]}}],"collection":[{"href":"https:\/\/agora.xtec.cat\/instarragona\/wp-json\/wp\/v2\/posts"}],"about":[{"href":"https:\/\/agora.xtec.cat\/instarragona\/wp-json\/wp\/v2\/types\/post"}],"author":[{"embeddable":true,"href":"https:\/\/agora.xtec.cat\/instarragona\/wp-json\/wp\/v2\/users\/1"}],"replies":[{"embeddable":true,"href":"https:\/\/agora.xtec.cat\/instarragona\/wp-json\/wp\/v2\/comments?post=2617"}],"version-history":[{"count":1,"href":"https:\/\/agora.xtec.cat\/instarragona\/wp-json\/wp\/v2\/posts\/2617\/revisions"}],"predecessor-version":[{"id":2619,"href":"https:\/\/agora.xtec.cat\/instarragona\/wp-json\/wp\/v2\/posts\/2617\/revisions\/2619"}],"wp:featuredmedia":[{"embeddable":true,"href":"https:\/\/agora.xtec.cat\/instarragona\/wp-json\/wp\/v2\/media\/2618"}],"wp:attachment":[{"href":"https:\/\/agora.xtec.cat\/instarragona\/wp-json\/wp\/v2\/media?parent=2617"}],"wp:term":[{"taxonomy":"category","embeddable":true,"href":"https:\/\/agora.xtec.cat\/instarragona\/wp-json\/wp\/v2\/categories?post=2617"},{"taxonomy":"post_tag","embeddable":true,"href":"https:\/\/agora.xtec.cat\/instarragona\/wp-json\/wp\/v2\/tags?post=2617"}],"curies":[{"name":"wp","href":"https:\/\/api.w.org\/{rel}","templated":true}]}}