{"id":2607,"date":"2021-09-27T12:08:07","date_gmt":"2021-09-27T10:08:07","guid":{"rendered":"https:\/\/agora.xtec.cat\/instarragona\/?p=2607"},"modified":"2021-09-27T12:08:45","modified_gmt":"2021-09-27T10:08:45","slug":"el-teu-mobil-sescalfa","status":"publish","type":"post","link":"https:\/\/agora.xtec.cat\/instarragona\/portada\/el-teu-mobil-sescalfa\/","title":{"rendered":"El teu m\u00f2bil s&#8217;escalfa?"},"content":{"rendered":"<h4><strong><span style=\"color: #008000;\">&#8220;Efficient cooling systems for compact high processing microelectronic devices\u201d<\/span><\/strong><\/h4>\n<p>&nbsp;<\/p>\n<p>Els alumnes de 2n de Batxillerat han assistit a aquesta xerrada impartida pels investigadors de la URV <strong>Hussain Ahmed Tariq<\/strong> (investigador predoctoral COFUND del grup de recerca CREVER, del Departament d\u2019Enginyeria Mec\u00e0nica) i <strong>Kandeel Shafique<\/strong> (investigadora predoctoral COFUND del grup de recerca NEPHOS, del Departament d&#8217;Enginyeria Electr\u00f2nica, El\u00e8ctrica i Autom\u00e0tica), en el marc de <strong><a href=\"http:\/\/tarragona.nitdelarecerca.cat\/ca\/nit\/\">La Nit de la Recerca<\/a><\/strong>.<\/p>\n<p>&#8220;Els dispositius electr\u00f2nics s&#8217;han convertit en una part essencial per a gaireb\u00e9 tots els \u00e0mbits de la vida. Les altes exig\u00e8ncies de processament plantegen problemes d\u2019exc\u00e9s de generaci\u00f3 de calor dins dels dispositius.\u00a0 Aquesta confer\u00e8ncia inclour\u00e0 les t\u00e8cniques modernes i eficients de refrigeraci\u00f3 per a un funcionament segur de dispositius microelectr\u00f2nics&#8221;.<\/p>\n<p><img loading=\"lazy\" decoding=\"async\" class=\"aligncenter wp-image-2608\" src=\"https:\/\/agora.xtec.cat\/instarragona\/wp-content\/uploads\/usu484\/2021\/09\/20210922_091106-scaled.jpg\" alt=\"\" width=\"1135\" height=\"851\" srcset=\"https:\/\/agora.xtec.cat\/instarragona\/wp-content\/uploads\/usu484\/2021\/09\/20210922_091106-scaled.jpg 2560w, https:\/\/agora.xtec.cat\/instarragona\/wp-content\/uploads\/usu484\/2021\/09\/20210922_091106-300x225.jpg 300w, https:\/\/agora.xtec.cat\/instarragona\/wp-content\/uploads\/usu484\/2021\/09\/20210922_091106-1024x768.jpg 1024w, https:\/\/agora.xtec.cat\/instarragona\/wp-content\/uploads\/usu484\/2021\/09\/20210922_091106-768x576.jpg 768w, https:\/\/agora.xtec.cat\/instarragona\/wp-content\/uploads\/usu484\/2021\/09\/20210922_091106-1536x1152.jpg 1536w, https:\/\/agora.xtec.cat\/instarragona\/wp-content\/uploads\/usu484\/2021\/09\/20210922_091106-2048x1536.jpg 2048w, https:\/\/agora.xtec.cat\/instarragona\/wp-content\/uploads\/usu484\/2021\/09\/20210922_091106-200x150.jpg 200w\" sizes=\"auto, (max-width: 1135px) 100vw, 1135px\" \/><\/p>\n<p>&nbsp;<\/p>\n<p>&nbsp;<\/p>\n","protected":false},"excerpt":{"rendered":"<p>&#8220;Efficient cooling systems for compact high processing microelectronic devices\u201d<br \/>\n&nbsp;<br \/>\nEls alumnes de 2n de Batxillerat han assistit a aquesta xerrada impartida pels investigadors de la URV Hussain Ahmed Tariq (investigador predoctoral COFUND del grup de recerca CREVER, del Departament d\u2019Enginyeria Mec\u00e0nica) i Kandeel Shafique (investigadora predoctoral&hellip;  <a href=\"https:\/\/agora.xtec.cat\/instarragona\/portada\/el-teu-mobil-sescalfa\/\" title=\"Read El teu m\u00f2bil s&#8217;escalfa?\">Llegeix m\u00e9s\u00bb<\/a><\/p>\n","protected":false},"author":1,"featured_media":2608,"comment_status":"open","ping_status":"closed","sticky":false,"template":"","format":"standard","meta":{"_bbp_topic_count":0,"_bbp_reply_count":0,"_bbp_total_topic_count":0,"_bbp_total_reply_count":0,"_bbp_voice_count":0,"_bbp_anonymous_reply_count":0,"_bbp_topic_count_hidden":0,"_bbp_reply_count_hidden":0,"_bbp_forum_subforum_count":0,"footnotes":""},"categories":[29],"tags":[110],"class_list":["post-2607","post","type-post","status-publish","format-standard","has-post-thumbnail","hentry","category-portada","tag-tecnologia"],"post_mailing_queue_ids":[],"_links":{"self":[{"href":"https:\/\/agora.xtec.cat\/instarragona\/wp-json\/wp\/v2\/posts\/2607","targetHints":{"allow":["GET"]}}],"collection":[{"href":"https:\/\/agora.xtec.cat\/instarragona\/wp-json\/wp\/v2\/posts"}],"about":[{"href":"https:\/\/agora.xtec.cat\/instarragona\/wp-json\/wp\/v2\/types\/post"}],"author":[{"embeddable":true,"href":"https:\/\/agora.xtec.cat\/instarragona\/wp-json\/wp\/v2\/users\/1"}],"replies":[{"embeddable":true,"href":"https:\/\/agora.xtec.cat\/instarragona\/wp-json\/wp\/v2\/comments?post=2607"}],"version-history":[{"count":3,"href":"https:\/\/agora.xtec.cat\/instarragona\/wp-json\/wp\/v2\/posts\/2607\/revisions"}],"predecessor-version":[{"id":2611,"href":"https:\/\/agora.xtec.cat\/instarragona\/wp-json\/wp\/v2\/posts\/2607\/revisions\/2611"}],"wp:featuredmedia":[{"embeddable":true,"href":"https:\/\/agora.xtec.cat\/instarragona\/wp-json\/wp\/v2\/media\/2608"}],"wp:attachment":[{"href":"https:\/\/agora.xtec.cat\/instarragona\/wp-json\/wp\/v2\/media?parent=2607"}],"wp:term":[{"taxonomy":"category","embeddable":true,"href":"https:\/\/agora.xtec.cat\/instarragona\/wp-json\/wp\/v2\/categories?post=2607"},{"taxonomy":"post_tag","embeddable":true,"href":"https:\/\/agora.xtec.cat\/instarragona\/wp-json\/wp\/v2\/tags?post=2607"}],"curies":[{"name":"wp","href":"https:\/\/api.w.org\/{rel}","templated":true}]}}