{"id":2603,"date":"2021-09-27T11:59:57","date_gmt":"2021-09-27T09:59:57","guid":{"rendered":"https:\/\/agora.xtec.cat\/instarragona\/?p=2603"},"modified":"2021-09-27T11:59:57","modified_gmt":"2021-09-27T09:59:57","slug":"imagine-theres-no-heaven","status":"publish","type":"post","link":"https:\/\/agora.xtec.cat\/instarragona\/portada\/imagine-theres-no-heaven\/","title":{"rendered":"Imagine there&#8217;s no heaven&#8230;"},"content":{"rendered":"<p>Els alumnes de 1r i 3r <strong><a href=\"https:\/\/drive.google.com\/drive\/folders\/1retI_stbZ7KtGxos8BsxA5tyoupqBg0f?usp=sharing\">van llegir i interpretar<\/a><\/strong> de manera col\u00b7lectiva la lletra <strong>d&#8217;<\/strong><span class=\"il\"><span style=\"color: #008000;\"><strong>Imagine<\/strong><\/span> per tal de celebrar <\/span>el 50\u00e8 aniversari de la can\u00e7\u00f3 de John Lenon tot i commemorant aix\u00ed el <b>Dia Internacional de la Pau<\/b> que se celebra el dia 21 de setembre.<\/p>\n<div>Les activitats relacionades amb aquesta ic\u00f2nica can\u00e7\u00f3 continuaran al llarg del curs. Segur que no ens deix indiferent.<\/div>\n<div><\/div>\n<div><img loading=\"lazy\" decoding=\"async\" class=\"aligncenter size-full wp-image-2604\" src=\"https:\/\/agora.xtec.cat\/instarragona\/wp-content\/uploads\/usu484\/2021\/09\/Captura-1.jpg\" alt=\"\" width=\"1013\" height=\"587\" srcset=\"https:\/\/agora.xtec.cat\/instarragona\/wp-content\/uploads\/usu484\/2021\/09\/Captura-1.jpg 1013w, https:\/\/agora.xtec.cat\/instarragona\/wp-content\/uploads\/usu484\/2021\/09\/Captura-1-300x174.jpg 300w, https:\/\/agora.xtec.cat\/instarragona\/wp-content\/uploads\/usu484\/2021\/09\/Captura-1-768x445.jpg 768w\" sizes=\"auto, (max-width: 1013px) 100vw, 1013px\" \/><\/div>\n<div><\/div>\n<div><\/div>\n<div><img loading=\"lazy\" decoding=\"async\" class=\"aligncenter size-full wp-image-2605\" src=\"https:\/\/agora.xtec.cat\/instarragona\/wp-content\/uploads\/usu484\/2021\/09\/Captura-2.jpg\" alt=\"\" width=\"798\" height=\"600\" srcset=\"https:\/\/agora.xtec.cat\/instarragona\/wp-content\/uploads\/usu484\/2021\/09\/Captura-2.jpg 798w, https:\/\/agora.xtec.cat\/instarragona\/wp-content\/uploads\/usu484\/2021\/09\/Captura-2-300x226.jpg 300w, https:\/\/agora.xtec.cat\/instarragona\/wp-content\/uploads\/usu484\/2021\/09\/Captura-2-768x577.jpg 768w, https:\/\/agora.xtec.cat\/instarragona\/wp-content\/uploads\/usu484\/2021\/09\/Captura-2-200x150.jpg 200w\" sizes=\"auto, (max-width: 798px) 100vw, 798px\" \/><\/div>\n<div><\/div>\n<div><\/div>\n<div><\/div>\n<div><\/div>\n<div><\/div>\n<div><\/div>\n","protected":false},"excerpt":{"rendered":"<p>Els alumnes de 1r i 3r <a href=\"https:\/\/drive.google.com\/drive\/folders\/1retI_stbZ7KtGxos8BsxA5tyoupqBg0f?usp=sharing\">van llegir i interpretar<\/a> de manera col\u00b7lectiva la lletra d&#8217;Imagine per tal de celebrar el 50\u00e8 aniversari de la can\u00e7\u00f3 de John Lenon tot i commemorant aix\u00ed el Dia Internacional de la Pau que se celebra el dia&hellip;  <a href=\"https:\/\/agora.xtec.cat\/instarragona\/portada\/imagine-theres-no-heaven\/\" title=\"Read Imagine there&#8217;s no heaven&#8230;\">Llegeix m\u00e9s\u00bb<\/a><\/p>\n","protected":false},"author":1,"featured_media":2604,"comment_status":"open","ping_status":"closed","sticky":false,"template":"","format":"standard","meta":{"_bbp_topic_count":0,"_bbp_reply_count":0,"_bbp_total_topic_count":0,"_bbp_total_reply_count":0,"_bbp_voice_count":0,"_bbp_anonymous_reply_count":0,"_bbp_topic_count_hidden":0,"_bbp_reply_count_hidden":0,"_bbp_forum_subforum_count":0,"footnotes":""},"categories":[29],"tags":[111],"class_list":["post-2603","post","type-post","status-publish","format-standard","has-post-thumbnail","hentry","category-portada","tag-musica"],"post_mailing_queue_ids":[],"_links":{"self":[{"href":"https:\/\/agora.xtec.cat\/instarragona\/wp-json\/wp\/v2\/posts\/2603","targetHints":{"allow":["GET"]}}],"collection":[{"href":"https:\/\/agora.xtec.cat\/instarragona\/wp-json\/wp\/v2\/posts"}],"about":[{"href":"https:\/\/agora.xtec.cat\/instarragona\/wp-json\/wp\/v2\/types\/post"}],"author":[{"embeddable":true,"href":"https:\/\/agora.xtec.cat\/instarragona\/wp-json\/wp\/v2\/users\/1"}],"replies":[{"embeddable":true,"href":"https:\/\/agora.xtec.cat\/instarragona\/wp-json\/wp\/v2\/comments?post=2603"}],"version-history":[{"count":1,"href":"https:\/\/agora.xtec.cat\/instarragona\/wp-json\/wp\/v2\/posts\/2603\/revisions"}],"predecessor-version":[{"id":2606,"href":"https:\/\/agora.xtec.cat\/instarragona\/wp-json\/wp\/v2\/posts\/2603\/revisions\/2606"}],"wp:featuredmedia":[{"embeddable":true,"href":"https:\/\/agora.xtec.cat\/instarragona\/wp-json\/wp\/v2\/media\/2604"}],"wp:attachment":[{"href":"https:\/\/agora.xtec.cat\/instarragona\/wp-json\/wp\/v2\/media?parent=2603"}],"wp:term":[{"taxonomy":"category","embeddable":true,"href":"https:\/\/agora.xtec.cat\/instarragona\/wp-json\/wp\/v2\/categories?post=2603"},{"taxonomy":"post_tag","embeddable":true,"href":"https:\/\/agora.xtec.cat\/instarragona\/wp-json\/wp\/v2\/tags?post=2603"}],"curies":[{"name":"wp","href":"https:\/\/api.w.org\/{rel}","templated":true}]}}