{"id":2594,"date":"2021-09-24T14:21:54","date_gmt":"2021-09-24T12:21:54","guid":{"rendered":"https:\/\/agora.xtec.cat\/instarragona\/?p=2594"},"modified":"2021-09-24T14:24:50","modified_gmt":"2021-09-24T12:24:50","slug":"orgullosos-de-la-nostra-biblioteca","status":"publish","type":"post","link":"https:\/\/agora.xtec.cat\/instarragona\/portada\/orgullosos-de-la-nostra-biblioteca\/","title":{"rendered":"Orgullosos de la nostra biblioteca"},"content":{"rendered":"<p>Estem molt contents que el web de la nostra biblioteca es posi com a exemple de bones pr\u00e0ctiques de biblioteques escolars.<\/p>\n<p>J\u00falia Baena, bibliotec\u00e0ria i professora associada a la UB, amb dedicaci\u00f3 a les biblioteques escolars i la literatura juvenil en fa menci\u00f3 a Twiter <img loading=\"lazy\" decoding=\"async\" class=\"wp-image-2595 alignleft\" src=\"https:\/\/agora.xtec.cat\/instarragona\/wp-content\/uploads\/usu484\/2021\/09\/unnamed.png\" alt=\"\" width=\"39\" height=\"39\" srcset=\"https:\/\/agora.xtec.cat\/instarragona\/wp-content\/uploads\/usu484\/2021\/09\/unnamed.png 512w, https:\/\/agora.xtec.cat\/instarragona\/wp-content\/uploads\/usu484\/2021\/09\/unnamed-300x300.png 300w, https:\/\/agora.xtec.cat\/instarragona\/wp-content\/uploads\/usu484\/2021\/09\/unnamed-150x150.png 150w\" sizes=\"auto, (max-width: 39px) 100vw, 39px\" \/><\/p>\n<p><a href=\"https:\/\/twitter.com\/Bibliojuvenil?ref_src=twsrc%5Egoogle%7Ctwcamp%5Eserp%7Ctwgr%5Eauthor\"> @Bibliojuvenil<\/a><\/p>\n<p><img loading=\"lazy\" decoding=\"async\" class=\"aligncenter size-full wp-image-2596\" src=\"https:\/\/agora.xtec.cat\/instarragona\/wp-content\/uploads\/usu484\/2021\/09\/unnamed-1.png\" alt=\"\" width=\"610\" height=\"528\" srcset=\"https:\/\/agora.xtec.cat\/instarragona\/wp-content\/uploads\/usu484\/2021\/09\/unnamed-1.png 610w, https:\/\/agora.xtec.cat\/instarragona\/wp-content\/uploads\/usu484\/2021\/09\/unnamed-1-300x260.png 300w\" sizes=\"auto, (max-width: 610px) 100vw, 610px\" \/><\/p>\n<p>Per comprovar-ho, feu <a href=\"https:\/\/biblioinstgn.wixsite.com\/inici\"><strong>clic<\/strong><\/a>\u2757<\/p>\n<p>&nbsp;<\/p>\n<p>&nbsp;<\/p>\n","protected":false},"excerpt":{"rendered":"<p>Estem molt contents que el web de la nostra biblioteca es posi com a exemple de bones pr\u00e0ctiques de biblioteques escolars.<br \/>\nJ\u00falia Baena, bibliotec\u00e0ria i professora associada a la UB, amb dedicaci\u00f3 a les biblioteques escolars i la literatura juvenil en fa menci\u00f3 a Twiter<br \/>\n<a&hellip;  <a href=\"https:\/\/agora.xtec.cat\/instarragona\/portada\/orgullosos-de-la-nostra-biblioteca\/\" title=\"Read Orgullosos de la nostra biblioteca\">Llegeix m\u00e9s\u00bb<\/a><\/p>\n","protected":false},"author":1,"featured_media":2596,"comment_status":"open","ping_status":"closed","sticky":false,"template":"","format":"standard","meta":{"_bbp_topic_count":0,"_bbp_reply_count":0,"_bbp_total_topic_count":0,"_bbp_total_reply_count":0,"_bbp_voice_count":0,"_bbp_anonymous_reply_count":0,"_bbp_topic_count_hidden":0,"_bbp_reply_count_hidden":0,"_bbp_forum_subforum_count":0,"footnotes":""},"categories":[29],"tags":[107],"class_list":["post-2594","post","type-post","status-publish","format-standard","has-post-thumbnail","hentry","category-portada","tag-biblioteca"],"post_mailing_queue_ids":[],"_links":{"self":[{"href":"https:\/\/agora.xtec.cat\/instarragona\/wp-json\/wp\/v2\/posts\/2594","targetHints":{"allow":["GET"]}}],"collection":[{"href":"https:\/\/agora.xtec.cat\/instarragona\/wp-json\/wp\/v2\/posts"}],"about":[{"href":"https:\/\/agora.xtec.cat\/instarragona\/wp-json\/wp\/v2\/types\/post"}],"author":[{"embeddable":true,"href":"https:\/\/agora.xtec.cat\/instarragona\/wp-json\/wp\/v2\/users\/1"}],"replies":[{"embeddable":true,"href":"https:\/\/agora.xtec.cat\/instarragona\/wp-json\/wp\/v2\/comments?post=2594"}],"version-history":[{"count":2,"href":"https:\/\/agora.xtec.cat\/instarragona\/wp-json\/wp\/v2\/posts\/2594\/revisions"}],"predecessor-version":[{"id":2598,"href":"https:\/\/agora.xtec.cat\/instarragona\/wp-json\/wp\/v2\/posts\/2594\/revisions\/2598"}],"wp:featuredmedia":[{"embeddable":true,"href":"https:\/\/agora.xtec.cat\/instarragona\/wp-json\/wp\/v2\/media\/2596"}],"wp:attachment":[{"href":"https:\/\/agora.xtec.cat\/instarragona\/wp-json\/wp\/v2\/media?parent=2594"}],"wp:term":[{"taxonomy":"category","embeddable":true,"href":"https:\/\/agora.xtec.cat\/instarragona\/wp-json\/wp\/v2\/categories?post=2594"},{"taxonomy":"post_tag","embeddable":true,"href":"https:\/\/agora.xtec.cat\/instarragona\/wp-json\/wp\/v2\/tags?post=2594"}],"curies":[{"name":"wp","href":"https:\/\/api.w.org\/{rel}","templated":true}]}}