{"id":2589,"date":"2021-09-21T12:29:52","date_gmt":"2021-09-21T10:29:52","guid":{"rendered":"https:\/\/agora.xtec.cat\/instarragona\/?p=2589"},"modified":"2021-09-21T12:29:52","modified_gmt":"2021-09-21T10:29:52","slug":"decidim-entre-tots","status":"publish","type":"post","link":"https:\/\/agora.xtec.cat\/instarragona\/portada\/decidim-entre-tots\/","title":{"rendered":"Decidim entre tots!"},"content":{"rendered":"<p style=\"text-align: center;\"><strong>NOU PROJECTE ERASMUS+<\/strong><\/p>\n<h3 style=\"text-align: center;\"><span style=\"color: #008000;\"><strong>&#8220;CLIMATE EMERGENCY IN EUROPE&#8221;<\/strong><\/span><\/h3>\n<p style=\"text-align: center;\"><strong><span style=\"color: #008000;\">Ens ajudeu a triar el LOGO?<\/span><\/strong><\/p>\n<p>Alumnes, fam\u00edlies, tarragonins i tarragonines&#8230; la final ja \u00e9s aqu\u00ed. Quin \u00e9s el vostre logo preferit per representar el projecte Erasmus+ relacionat amb l&#8217;emerg\u00e8ncia clim\u00e0tica? Podeu realitzar el vostre vot a trav\u00e9s d&#8217;<strong><a href=\"https:\/\/docs.google.com\/forms\/d\/e\/1FAIpQLSd2pkJ_1eXreB51DeBJ9oN6eMZY3KxK4KMtrUtVMbfV7cm7Ag\/viewform\">aquest enlla\u00e7<\/a><\/strong> o escanejant el codi QR que teniu aqu\u00ed mateix.<\/p>\n<p><img loading=\"lazy\" decoding=\"async\" class=\"aligncenter wp-image-2591\" src=\"https:\/\/agora.xtec.cat\/instarragona\/wp-content\/uploads\/usu484\/2021\/09\/QR-logo.png\" alt=\"\" width=\"296\" height=\"296\" srcset=\"https:\/\/agora.xtec.cat\/instarragona\/wp-content\/uploads\/usu484\/2021\/09\/QR-logo.png 598w, https:\/\/agora.xtec.cat\/instarragona\/wp-content\/uploads\/usu484\/2021\/09\/QR-logo-300x300.png 300w, https:\/\/agora.xtec.cat\/instarragona\/wp-content\/uploads\/usu484\/2021\/09\/QR-logo-150x150.png 150w\" sizes=\"auto, (max-width: 296px) 100vw, 296px\" \/><\/p>\n<p style=\"text-align: center;\"><span style=\"color: #333399;\"><strong>GR\u00c0CIES PER LA VOSTRA COL.LABORACI\u00d3!<\/strong><\/span><\/p>\n<p><img loading=\"lazy\" decoding=\"async\" class=\"aligncenter wp-image-1596\" src=\"https:\/\/agora.xtec.cat\/instarragona\/wp-content\/uploads\/usu484\/2019\/02\/baixa.png\" alt=\"\" width=\"269\" height=\"65\" srcset=\"https:\/\/agora.xtec.cat\/instarragona\/wp-content\/uploads\/usu484\/2019\/02\/baixa.png 456w, https:\/\/agora.xtec.cat\/instarragona\/wp-content\/uploads\/usu484\/2019\/02\/baixa-300x72.png 300w\" sizes=\"auto, (max-width: 269px) 100vw, 269px\" \/><\/p>\n<p>&nbsp;<\/p>\n<p>&nbsp;<\/p>\n","protected":false},"excerpt":{"rendered":"<p>NOU PROJECTE ERASMUS+<br \/>\n&#8220;CLIMATE EMERGENCY IN EUROPE&#8221;<br \/>\nEns ajudeu a triar el LOGO?<br \/>\nAlumnes, fam\u00edlies, tarragonins i tarragonines&#8230; la final ja \u00e9s aqu\u00ed. Quin \u00e9s el vostre logo preferit per representar el projecte Erasmus+ relacionat amb l&#8217;emerg\u00e8ncia clim\u00e0tica? Podeu realitzar el vostre vot a trav\u00e9s d&#8217;<a href=\"https:\/\/docs.google.com\/forms\/d\/e\/1FAIpQLSd2pkJ_1eXreB51DeBJ9oN6eMZY3KxK4KMtrUtVMbfV7cm7Ag\/viewform\">aquest enlla\u00e7<\/a>&hellip;  <a href=\"https:\/\/agora.xtec.cat\/instarragona\/portada\/decidim-entre-tots\/\" title=\"Read Decidim entre tots!\">Llegeix m\u00e9s\u00bb<\/a><\/p>\n","protected":false},"author":1,"featured_media":940,"comment_status":"open","ping_status":"closed","sticky":false,"template":"","format":"standard","meta":{"_bbp_topic_count":0,"_bbp_reply_count":0,"_bbp_total_topic_count":0,"_bbp_total_reply_count":0,"_bbp_voice_count":0,"_bbp_anonymous_reply_count":0,"_bbp_topic_count_hidden":0,"_bbp_reply_count_hidden":0,"_bbp_forum_subforum_count":0,"footnotes":""},"categories":[29],"tags":[132,99],"class_list":["post-2589","post","type-post","status-publish","format-standard","has-post-thumbnail","hentry","category-portada","tag-erasmus-k2-ec","tag-projectes"],"post_mailing_queue_ids":[],"_links":{"self":[{"href":"https:\/\/agora.xtec.cat\/instarragona\/wp-json\/wp\/v2\/posts\/2589","targetHints":{"allow":["GET"]}}],"collection":[{"href":"https:\/\/agora.xtec.cat\/instarragona\/wp-json\/wp\/v2\/posts"}],"about":[{"href":"https:\/\/agora.xtec.cat\/instarragona\/wp-json\/wp\/v2\/types\/post"}],"author":[{"embeddable":true,"href":"https:\/\/agora.xtec.cat\/instarragona\/wp-json\/wp\/v2\/users\/1"}],"replies":[{"embeddable":true,"href":"https:\/\/agora.xtec.cat\/instarragona\/wp-json\/wp\/v2\/comments?post=2589"}],"version-history":[{"count":3,"href":"https:\/\/agora.xtec.cat\/instarragona\/wp-json\/wp\/v2\/posts\/2589\/revisions"}],"predecessor-version":[{"id":2593,"href":"https:\/\/agora.xtec.cat\/instarragona\/wp-json\/wp\/v2\/posts\/2589\/revisions\/2593"}],"wp:featuredmedia":[{"embeddable":true,"href":"https:\/\/agora.xtec.cat\/instarragona\/wp-json\/wp\/v2\/media\/940"}],"wp:attachment":[{"href":"https:\/\/agora.xtec.cat\/instarragona\/wp-json\/wp\/v2\/media?parent=2589"}],"wp:term":[{"taxonomy":"category","embeddable":true,"href":"https:\/\/agora.xtec.cat\/instarragona\/wp-json\/wp\/v2\/categories?post=2589"},{"taxonomy":"post_tag","embeddable":true,"href":"https:\/\/agora.xtec.cat\/instarragona\/wp-json\/wp\/v2\/tags?post=2589"}],"curies":[{"name":"wp","href":"https:\/\/api.w.org\/{rel}","templated":true}]}}