{"id":2525,"date":"2021-06-27T20:41:44","date_gmt":"2021-06-27T18:41:44","guid":{"rendered":"http:\/\/agora.xtec.cat\/instarragona\/?p=2525"},"modified":"2021-06-27T20:42:50","modified_gmt":"2021-06-27T18:42:50","slug":"torna-el-projecte-musicos","status":"publish","type":"post","link":"https:\/\/agora.xtec.cat\/instarragona\/eso\/eso-1\/torna-el-projecte-musicos\/","title":{"rendered":"Hem tornat a MUSiCOS"},"content":{"rendered":"<p dir=\"ltr\">El dia 16 de juny els nostres alumnes de 1r d&#8217;ESO van participar en el concert organitzat pel Departament de M\u00fasica i el Conservatori Professional de M\u00fasica de Tarragona, a l\u2019Auditori de la Diputaci\u00f3 de Tarragona.<\/p>\n<p dir=\"ltr\">Com cada any, els alumnes de 1r d\u2019ESO han portat a terme el projecte <b>MUSiCOS<\/b>, projecte transversal on s\u2019apropen a les diferents arts creant els seus propis poemes i fotografies a trav\u00e9s de l\u2019escolta musical i la interpretaci\u00f3 de l\u2019obra Paisatges en Blau amb percussi\u00f3 corporal. Enguany, a causa de la pand\u00e8mia i les restriccions d\u2019acc\u00e9s a les sales, ens hem adaptat i l&#8217;actuaci\u00f3 dels alumnes ha estat en diferit. Els alumnes han enregistrat les actuacions i es van emetre en directe al concert mentre eren acompanyats pels pianistes del Conservatori. Tot un repte que va resultar un \u00e8xit!<\/p>\n<p dir=\"ltr\">Moltes gr\u00e0cies a tots els alumnes pel vostre esfor\u00e7 i dedicaci\u00f3!!!<\/p>\n<p dir=\"ltr\"><img loading=\"lazy\" decoding=\"async\" class=\"aligncenter size-full wp-image-2527\" src=\"https:\/\/agora.xtec.cat\/instarragona\/wp-content\/uploads\/usu484\/2021\/06\/IMG_8284.jpg\" alt=\"\" width=\"4032\" height=\"3024\" srcset=\"https:\/\/agora.xtec.cat\/instarragona\/wp-content\/uploads\/usu484\/2021\/06\/IMG_8284.jpg 4032w, https:\/\/agora.xtec.cat\/instarragona\/wp-content\/uploads\/usu484\/2021\/06\/IMG_8284-300x225.jpg 300w, https:\/\/agora.xtec.cat\/instarragona\/wp-content\/uploads\/usu484\/2021\/06\/IMG_8284-768x576.jpg 768w, https:\/\/agora.xtec.cat\/instarragona\/wp-content\/uploads\/usu484\/2021\/06\/IMG_8284-1024x768.jpg 1024w, https:\/\/agora.xtec.cat\/instarragona\/wp-content\/uploads\/usu484\/2021\/06\/IMG_8284-200x150.jpg 200w\" sizes=\"auto, (max-width: 4032px) 100vw, 4032px\" \/><\/p>\n<p dir=\"ltr\"><img loading=\"lazy\" decoding=\"async\" class=\"aligncenter size-full wp-image-2528\" src=\"https:\/\/agora.xtec.cat\/instarragona\/wp-content\/uploads\/usu484\/2021\/06\/IMG_8296.jpg\" alt=\"\" width=\"4032\" height=\"3024\" srcset=\"https:\/\/agora.xtec.cat\/instarragona\/wp-content\/uploads\/usu484\/2021\/06\/IMG_8296.jpg 4032w, https:\/\/agora.xtec.cat\/instarragona\/wp-content\/uploads\/usu484\/2021\/06\/IMG_8296-300x225.jpg 300w, https:\/\/agora.xtec.cat\/instarragona\/wp-content\/uploads\/usu484\/2021\/06\/IMG_8296-768x576.jpg 768w, https:\/\/agora.xtec.cat\/instarragona\/wp-content\/uploads\/usu484\/2021\/06\/IMG_8296-1024x768.jpg 1024w, https:\/\/agora.xtec.cat\/instarragona\/wp-content\/uploads\/usu484\/2021\/06\/IMG_8296-200x150.jpg 200w\" sizes=\"auto, (max-width: 4032px) 100vw, 4032px\" \/><\/p>\n<p dir=\"ltr\"><img loading=\"lazy\" decoding=\"async\" class=\"aligncenter size-full wp-image-2529\" src=\"https:\/\/agora.xtec.cat\/instarragona\/wp-content\/uploads\/usu484\/2021\/06\/Captura-de-pantalla-2021-06-27-203357.png\" alt=\"\" width=\"1017\" height=\"675\" srcset=\"https:\/\/agora.xtec.cat\/instarragona\/wp-content\/uploads\/usu484\/2021\/06\/Captura-de-pantalla-2021-06-27-203357.png 1017w, https:\/\/agora.xtec.cat\/instarragona\/wp-content\/uploads\/usu484\/2021\/06\/Captura-de-pantalla-2021-06-27-203357-300x199.png 300w, https:\/\/agora.xtec.cat\/instarragona\/wp-content\/uploads\/usu484\/2021\/06\/Captura-de-pantalla-2021-06-27-203357-768x510.png 768w\" sizes=\"auto, (max-width: 1017px) 100vw, 1017px\" \/><\/p>\n<p dir=\"ltr\"><img loading=\"lazy\" decoding=\"async\" class=\"aligncenter size-full wp-image-2526\" src=\"https:\/\/agora.xtec.cat\/instarragona\/wp-content\/uploads\/usu484\/2021\/06\/IMG_8283.jpg\" alt=\"\" width=\"4032\" height=\"3024\" srcset=\"https:\/\/agora.xtec.cat\/instarragona\/wp-content\/uploads\/usu484\/2021\/06\/IMG_8283.jpg 4032w, https:\/\/agora.xtec.cat\/instarragona\/wp-content\/uploads\/usu484\/2021\/06\/IMG_8283-300x225.jpg 300w, https:\/\/agora.xtec.cat\/instarragona\/wp-content\/uploads\/usu484\/2021\/06\/IMG_8283-768x576.jpg 768w, https:\/\/agora.xtec.cat\/instarragona\/wp-content\/uploads\/usu484\/2021\/06\/IMG_8283-1024x768.jpg 1024w, https:\/\/agora.xtec.cat\/instarragona\/wp-content\/uploads\/usu484\/2021\/06\/IMG_8283-200x150.jpg 200w\" sizes=\"auto, (max-width: 4032px) 100vw, 4032px\" \/><\/p>\n<p dir=\"ltr\"><img loading=\"lazy\" decoding=\"async\" class=\"aligncenter size-full wp-image-2531\" src=\"https:\/\/agora.xtec.cat\/instarragona\/wp-content\/uploads\/usu484\/2021\/06\/Captura-de-pantalla-2021-06-27-203357-1.png\" alt=\"\" width=\"1009\" height=\"751\" srcset=\"https:\/\/agora.xtec.cat\/instarragona\/wp-content\/uploads\/usu484\/2021\/06\/Captura-de-pantalla-2021-06-27-203357-1.png 1009w, https:\/\/agora.xtec.cat\/instarragona\/wp-content\/uploads\/usu484\/2021\/06\/Captura-de-pantalla-2021-06-27-203357-1-300x223.png 300w, https:\/\/agora.xtec.cat\/instarragona\/wp-content\/uploads\/usu484\/2021\/06\/Captura-de-pantalla-2021-06-27-203357-1-768x572.png 768w, https:\/\/agora.xtec.cat\/instarragona\/wp-content\/uploads\/usu484\/2021\/06\/Captura-de-pantalla-2021-06-27-203357-1-200x150.png 200w\" sizes=\"auto, (max-width: 1009px) 100vw, 1009px\" \/><\/p>\n","protected":false},"excerpt":{"rendered":"<p>El dia 16 de juny els nostres alumnes de 1r d&#8217;ESO van participar en el concert organitzat pel Departament de M\u00fasica i el Conservatori Professional de M\u00fasica de Tarragona, a l\u2019Auditori de la Diputaci\u00f3 de Tarragona.<br \/>\nCom cada any, els alumnes de 1r d\u2019ESO han portat&hellip;  <a href=\"https:\/\/agora.xtec.cat\/instarragona\/eso\/eso-1\/torna-el-projecte-musicos\/\" title=\"Read Hem tornat a MUSiCOS\">Llegeix m\u00e9s\u00bb<\/a><\/p>\n","protected":false},"author":1,"featured_media":2529,"comment_status":"open","ping_status":"closed","sticky":false,"template":"","format":"standard","meta":{"_bbp_topic_count":0,"_bbp_reply_count":0,"_bbp_total_topic_count":0,"_bbp_total_reply_count":0,"_bbp_voice_count":0,"_bbp_anonymous_reply_count":0,"_bbp_topic_count_hidden":0,"_bbp_reply_count_hidden":0,"_bbp_forum_subforum_count":0,"footnotes":""},"categories":[4,29],"tags":[111],"class_list":["post-2525","post","type-post","status-publish","format-standard","has-post-thumbnail","hentry","category-eso-1","category-portada","tag-musica"],"post_mailing_queue_ids":[],"_links":{"self":[{"href":"https:\/\/agora.xtec.cat\/instarragona\/wp-json\/wp\/v2\/posts\/2525","targetHints":{"allow":["GET"]}}],"collection":[{"href":"https:\/\/agora.xtec.cat\/instarragona\/wp-json\/wp\/v2\/posts"}],"about":[{"href":"https:\/\/agora.xtec.cat\/instarragona\/wp-json\/wp\/v2\/types\/post"}],"author":[{"embeddable":true,"href":"https:\/\/agora.xtec.cat\/instarragona\/wp-json\/wp\/v2\/users\/1"}],"replies":[{"embeddable":true,"href":"https:\/\/agora.xtec.cat\/instarragona\/wp-json\/wp\/v2\/comments?post=2525"}],"version-history":[{"count":2,"href":"https:\/\/agora.xtec.cat\/instarragona\/wp-json\/wp\/v2\/posts\/2525\/revisions"}],"predecessor-version":[{"id":2533,"href":"https:\/\/agora.xtec.cat\/instarragona\/wp-json\/wp\/v2\/posts\/2525\/revisions\/2533"}],"wp:featuredmedia":[{"embeddable":true,"href":"https:\/\/agora.xtec.cat\/instarragona\/wp-json\/wp\/v2\/media\/2529"}],"wp:attachment":[{"href":"https:\/\/agora.xtec.cat\/instarragona\/wp-json\/wp\/v2\/media?parent=2525"}],"wp:term":[{"taxonomy":"category","embeddable":true,"href":"https:\/\/agora.xtec.cat\/instarragona\/wp-json\/wp\/v2\/categories?post=2525"},{"taxonomy":"post_tag","embeddable":true,"href":"https:\/\/agora.xtec.cat\/instarragona\/wp-json\/wp\/v2\/tags?post=2525"}],"curies":[{"name":"wp","href":"https:\/\/api.w.org\/{rel}","templated":true}]}}