{"id":2519,"date":"2021-06-27T20:23:26","date_gmt":"2021-06-27T18:23:26","guid":{"rendered":"http:\/\/agora.xtec.cat\/instarragona\/?p=2519"},"modified":"2021-06-27T20:25:39","modified_gmt":"2021-06-27T18:25:39","slug":"premis-musicals-20-21","status":"publish","type":"post","link":"https:\/\/agora.xtec.cat\/instarragona\/portada\/premis-musicals-20-21\/","title":{"rendered":"Premis musicals 20\/21"},"content":{"rendered":"<div class=\"gs\">\n<div class=\"\">\n<div id=\":29w\" class=\"ii gt\">\n<div id=\":2ca\" class=\"a3s aiL \">\n<div dir=\"ltr\">\n<p class=\"gmail_quote\">\ud83d\udce2\ud83d\udce2\ud83d\udce2 Des del departament de m\u00fasica us fem arribar bones not\u00edcies \ud83d\udce2\ud83d\udce2\ud83d\udce2<\/p>\n<p>Avui hem fet el lliurament dels Premis Musicals 20\/21 i han resultat guanyadores:<\/p>\n<p class=\"gmail_quote\">\ud83c\udfb5 Modalitat CANT: ALBA CA\u00d1AVATE, de 2n d\u2019ESO per la interpretaci\u00f3 de la can\u00e7\u00f3 \u201cOne day\u201d<\/p>\n<p class=\"gmail_quote\">\ud83c\udfb5 Modalitat CREACI\u00d3: HELENA DE LA TORRE, de 4t d\u2019ESO per la creaci\u00f3 de la can\u00e7\u00f3 \u201cOrpheus and Eurydice\u201d<\/p>\n<p>Ben aviat podreu sentir les can\u00e7ons guanyadores. Moltes felicitats a l\u2019Alba i l\u2019Helena i MOLTES GR\u00c0CIES a tots els que heu participat i aportat la vostra m\u00fasica.<\/p>\n<\/div>\n<\/div>\n<\/div>\n<div id=\":28r\" class=\"hq gt\">\n<div id=\":28p\" class=\"aQH\">\n<div class=\"aZK\"><img loading=\"lazy\" decoding=\"async\" class=\"aligncenter size-full wp-image-2520\" src=\"https:\/\/agora.xtec.cat\/instarragona\/wp-content\/uploads\/usu484\/2021\/06\/IMG_8378.jpg\" alt=\"\" width=\"2946\" height=\"1746\" srcset=\"https:\/\/agora.xtec.cat\/instarragona\/wp-content\/uploads\/usu484\/2021\/06\/IMG_8378.jpg 2946w, https:\/\/agora.xtec.cat\/instarragona\/wp-content\/uploads\/usu484\/2021\/06\/IMG_8378-300x178.jpg 300w, https:\/\/agora.xtec.cat\/instarragona\/wp-content\/uploads\/usu484\/2021\/06\/IMG_8378-768x455.jpg 768w, https:\/\/agora.xtec.cat\/instarragona\/wp-content\/uploads\/usu484\/2021\/06\/IMG_8378-1024x607.jpg 1024w\" sizes=\"auto, (max-width: 2946px) 100vw, 2946px\" \/><\/div>\n<\/div>\n<\/div>\n<div class=\"hi\"><\/div>\n<\/div>\n<\/div>\n","protected":false},"excerpt":{"rendered":"<p>\ud83d\udce2\ud83d\udce2\ud83d\udce2 Des del departament de m\u00fasica us fem arribar bones not\u00edcies \ud83d\udce2\ud83d\udce2\ud83d\udce2<br \/>\nAvui hem fet el lliurament dels Premis Musicals 20\/21 i han resultat guanyadores:<br \/>\n\ud83c\udfb5 Modalitat CANT: ALBA CA\u00d1AVATE, de 2n d\u2019ESO per la interpretaci\u00f3 de la can\u00e7\u00f3 \u201cOne day\u201d<br \/>\n\ud83c\udfb5 Modalitat CREACI\u00d3: HELENA DE LA TORRE,&hellip;  <a href=\"https:\/\/agora.xtec.cat\/instarragona\/portada\/premis-musicals-20-21\/\" title=\"Read Premis musicals 20\/21\">Llegeix m\u00e9s\u00bb<\/a><\/p>\n","protected":false},"author":1,"featured_media":2521,"comment_status":"open","ping_status":"closed","sticky":false,"template":"","format":"standard","meta":{"_bbp_topic_count":0,"_bbp_reply_count":0,"_bbp_total_topic_count":0,"_bbp_total_reply_count":0,"_bbp_voice_count":0,"_bbp_anonymous_reply_count":0,"_bbp_topic_count_hidden":0,"_bbp_reply_count_hidden":0,"_bbp_forum_subforum_count":0,"footnotes":""},"categories":[29],"tags":[111],"class_list":["post-2519","post","type-post","status-publish","format-standard","has-post-thumbnail","hentry","category-portada","tag-musica"],"post_mailing_queue_ids":[],"_links":{"self":[{"href":"https:\/\/agora.xtec.cat\/instarragona\/wp-json\/wp\/v2\/posts\/2519","targetHints":{"allow":["GET"]}}],"collection":[{"href":"https:\/\/agora.xtec.cat\/instarragona\/wp-json\/wp\/v2\/posts"}],"about":[{"href":"https:\/\/agora.xtec.cat\/instarragona\/wp-json\/wp\/v2\/types\/post"}],"author":[{"embeddable":true,"href":"https:\/\/agora.xtec.cat\/instarragona\/wp-json\/wp\/v2\/users\/1"}],"replies":[{"embeddable":true,"href":"https:\/\/agora.xtec.cat\/instarragona\/wp-json\/wp\/v2\/comments?post=2519"}],"version-history":[{"count":3,"href":"https:\/\/agora.xtec.cat\/instarragona\/wp-json\/wp\/v2\/posts\/2519\/revisions"}],"predecessor-version":[{"id":2524,"href":"https:\/\/agora.xtec.cat\/instarragona\/wp-json\/wp\/v2\/posts\/2519\/revisions\/2524"}],"wp:featuredmedia":[{"embeddable":true,"href":"https:\/\/agora.xtec.cat\/instarragona\/wp-json\/wp\/v2\/media\/2521"}],"wp:attachment":[{"href":"https:\/\/agora.xtec.cat\/instarragona\/wp-json\/wp\/v2\/media?parent=2519"}],"wp:term":[{"taxonomy":"category","embeddable":true,"href":"https:\/\/agora.xtec.cat\/instarragona\/wp-json\/wp\/v2\/categories?post=2519"},{"taxonomy":"post_tag","embeddable":true,"href":"https:\/\/agora.xtec.cat\/instarragona\/wp-json\/wp\/v2\/tags?post=2519"}],"curies":[{"name":"wp","href":"https:\/\/api.w.org\/{rel}","templated":true}]}}