{"id":2506,"date":"2021-06-17T10:53:28","date_gmt":"2021-06-17T08:53:28","guid":{"rendered":"http:\/\/agora.xtec.cat\/instarragona\/?p=2506"},"modified":"2021-06-17T10:55:52","modified_gmt":"2021-06-17T08:55:52","slug":"la-siei-a-linfok","status":"publish","type":"post","link":"https:\/\/agora.xtec.cat\/instarragona\/portada\/la-siei-a-linfok\/","title":{"rendered":"La SIEI a l&#8217;InfoK!"},"content":{"rendered":"<p>Estem molt i molt contents. Els nostres alumnes de la SIEI HAN SORTIT A LA TELE! I ni m\u00e9s ni menys que al s\u00faper <a href=\"https:\/\/www.ccma.cat\/tv3\/super3\/infok\/infok-16062021\/video\/6106322\/\" target=\"_blank\" rel=\"noopener noreferrer\">programa<\/a> de l&#8217;InfoK per celebrar el seu 20\u00e8 aniversari.<\/p>\n<p>L&#8217;experi\u00e8ncia de pujar a Barcelona a gravar ja va ser absolutament magn\u00edfica i el premi de veure&#8217;ns tots en el reportatge, la cirereta del past\u00eds.<\/p>\n<p>Ha estat genial, nois!<\/p>\n<p><iframe loading=\"lazy\" src=\"https:\/\/www.ccma.cat\/video\/embed\/super3\/6106322\/\" width=\"500px\" height=\"281px\" frameborder=\"0\"><\/iframe><\/p>\n","protected":false},"excerpt":{"rendered":"<p>Estem molt i molt contents. Els nostres alumnes de la SIEI HAN SORTIT A LA TELE! I ni m\u00e9s ni menys que al s\u00faper <a href=\"https:\/\/www.ccma.cat\/tv3\/super3\/infok\/infok-16062021\/video\/6106322\/\" target=\"_blank\" rel=\"noopener noreferrer\">programa<\/a> de l&#8217;InfoK per celebrar el seu 20\u00e8 aniversari.<br \/>\nL&#8217;experi\u00e8ncia de pujar a Barcelona a gravar ja va&hellip;  <a href=\"https:\/\/agora.xtec.cat\/instarragona\/portada\/la-siei-a-linfok\/\" title=\"Read La SIEI a l&#8217;InfoK!\">Llegeix m\u00e9s\u00bb<\/a><\/p>\n","protected":false},"author":1,"featured_media":2507,"comment_status":"open","ping_status":"closed","sticky":false,"template":"","format":"standard","meta":{"_bbp_topic_count":0,"_bbp_reply_count":0,"_bbp_total_topic_count":0,"_bbp_total_reply_count":0,"_bbp_voice_count":0,"_bbp_anonymous_reply_count":0,"_bbp_topic_count_hidden":0,"_bbp_reply_count_hidden":0,"_bbp_forum_subforum_count":0,"footnotes":""},"categories":[29],"tags":[122],"class_list":["post-2506","post","type-post","status-publish","format-standard","has-post-thumbnail","hentry","category-portada","tag-siei"],"post_mailing_queue_ids":[],"_links":{"self":[{"href":"https:\/\/agora.xtec.cat\/instarragona\/wp-json\/wp\/v2\/posts\/2506","targetHints":{"allow":["GET"]}}],"collection":[{"href":"https:\/\/agora.xtec.cat\/instarragona\/wp-json\/wp\/v2\/posts"}],"about":[{"href":"https:\/\/agora.xtec.cat\/instarragona\/wp-json\/wp\/v2\/types\/post"}],"author":[{"embeddable":true,"href":"https:\/\/agora.xtec.cat\/instarragona\/wp-json\/wp\/v2\/users\/1"}],"replies":[{"embeddable":true,"href":"https:\/\/agora.xtec.cat\/instarragona\/wp-json\/wp\/v2\/comments?post=2506"}],"version-history":[{"count":2,"href":"https:\/\/agora.xtec.cat\/instarragona\/wp-json\/wp\/v2\/posts\/2506\/revisions"}],"predecessor-version":[{"id":2509,"href":"https:\/\/agora.xtec.cat\/instarragona\/wp-json\/wp\/v2\/posts\/2506\/revisions\/2509"}],"wp:featuredmedia":[{"embeddable":true,"href":"https:\/\/agora.xtec.cat\/instarragona\/wp-json\/wp\/v2\/media\/2507"}],"wp:attachment":[{"href":"https:\/\/agora.xtec.cat\/instarragona\/wp-json\/wp\/v2\/media?parent=2506"}],"wp:term":[{"taxonomy":"category","embeddable":true,"href":"https:\/\/agora.xtec.cat\/instarragona\/wp-json\/wp\/v2\/categories?post=2506"},{"taxonomy":"post_tag","embeddable":true,"href":"https:\/\/agora.xtec.cat\/instarragona\/wp-json\/wp\/v2\/tags?post=2506"}],"curies":[{"name":"wp","href":"https:\/\/api.w.org\/{rel}","templated":true}]}}