{"id":2502,"date":"2021-06-17T10:37:09","date_gmt":"2021-06-17T08:37:09","guid":{"rendered":"http:\/\/agora.xtec.cat\/instarragona\/?p=2502"},"modified":"2021-06-17T10:37:09","modified_gmt":"2021-06-17T08:37:09","slug":"edificis-emblematics-en-maqueta","status":"publish","type":"post","link":"https:\/\/agora.xtec.cat\/instarragona\/eso\/eso-1\/edificis-emblematics-en-maqueta\/","title":{"rendered":"Edificis emblem\u00e0tics en maqueta"},"content":{"rendered":"<p>Al llarg de curs, els alumnes de 1r d&#8217;ESO a la mat\u00e8ria de tecnologia han treballat diferents construccions Tarragonines. Han apr\u00e8s el concepte d&#8217;escala, el retall del cartr\u00f3&#8230;<\/p>\n<p>Les maquetes han quedat for\u00e7a espectaculars i de ben segur podreu recon\u00e8ixer f\u00e0cilment alguns dels edificis i monuments m\u00e9s emblem\u00e0tics de la nostra ciutat. Feu una ullada al v\u00eddeo!<\/p>\n<p><iframe loading=\"lazy\" src=\"https:\/\/www.youtube.com\/embed\/05sSXwGzeG8\" width=\"560\" height=\"315\" frameborder=\"0\"><\/iframe><\/p>\n<p>&nbsp;<\/p>\n","protected":false},"excerpt":{"rendered":"<p>Al llarg de curs, els alumnes de 1r d&#8217;ESO a la mat\u00e8ria de tecnologia han treballat diferents construccions Tarragonines. Han apr\u00e8s el concepte d&#8217;escala, el retall del cartr\u00f3&#8230;<br \/>\nLes maquetes han quedat for\u00e7a espectaculars i de ben segur podreu recon\u00e8ixer f\u00e0cilment alguns dels edificis i monuments&hellip;  <a href=\"https:\/\/agora.xtec.cat\/instarragona\/eso\/eso-1\/edificis-emblematics-en-maqueta\/\" title=\"Read Edificis emblem\u00e0tics en maqueta\">Llegeix m\u00e9s\u00bb<\/a><\/p>\n","protected":false},"author":1,"featured_media":2504,"comment_status":"open","ping_status":"closed","sticky":false,"template":"","format":"standard","meta":{"_bbp_topic_count":0,"_bbp_reply_count":0,"_bbp_total_topic_count":0,"_bbp_total_reply_count":0,"_bbp_voice_count":0,"_bbp_anonymous_reply_count":0,"_bbp_topic_count_hidden":0,"_bbp_reply_count_hidden":0,"_bbp_forum_subforum_count":0,"footnotes":""},"categories":[4,29],"tags":[110],"class_list":["post-2502","post","type-post","status-publish","format-standard","has-post-thumbnail","hentry","category-eso-1","category-portada","tag-tecnologia"],"post_mailing_queue_ids":[],"_links":{"self":[{"href":"https:\/\/agora.xtec.cat\/instarragona\/wp-json\/wp\/v2\/posts\/2502","targetHints":{"allow":["GET"]}}],"collection":[{"href":"https:\/\/agora.xtec.cat\/instarragona\/wp-json\/wp\/v2\/posts"}],"about":[{"href":"https:\/\/agora.xtec.cat\/instarragona\/wp-json\/wp\/v2\/types\/post"}],"author":[{"embeddable":true,"href":"https:\/\/agora.xtec.cat\/instarragona\/wp-json\/wp\/v2\/users\/1"}],"replies":[{"embeddable":true,"href":"https:\/\/agora.xtec.cat\/instarragona\/wp-json\/wp\/v2\/comments?post=2502"}],"version-history":[{"count":2,"href":"https:\/\/agora.xtec.cat\/instarragona\/wp-json\/wp\/v2\/posts\/2502\/revisions"}],"predecessor-version":[{"id":2505,"href":"https:\/\/agora.xtec.cat\/instarragona\/wp-json\/wp\/v2\/posts\/2502\/revisions\/2505"}],"wp:featuredmedia":[{"embeddable":true,"href":"https:\/\/agora.xtec.cat\/instarragona\/wp-json\/wp\/v2\/media\/2504"}],"wp:attachment":[{"href":"https:\/\/agora.xtec.cat\/instarragona\/wp-json\/wp\/v2\/media?parent=2502"}],"wp:term":[{"taxonomy":"category","embeddable":true,"href":"https:\/\/agora.xtec.cat\/instarragona\/wp-json\/wp\/v2\/categories?post=2502"},{"taxonomy":"post_tag","embeddable":true,"href":"https:\/\/agora.xtec.cat\/instarragona\/wp-json\/wp\/v2\/tags?post=2502"}],"curies":[{"name":"wp","href":"https:\/\/api.w.org\/{rel}","templated":true}]}}