{"id":2456,"date":"2021-06-11T11:55:11","date_gmt":"2021-06-11T09:55:11","guid":{"rendered":"http:\/\/agora.xtec.cat\/instarragona\/?p=2456"},"modified":"2021-06-11T11:57:34","modified_gmt":"2021-06-11T09:57:34","slug":"graduacio-de-4t-deso","status":"publish","type":"post","link":"https:\/\/agora.xtec.cat\/instarragona\/portada\/graduacio-de-4t-deso\/","title":{"rendered":"Graduaci\u00f3 de 4t d&#8217;ESO"},"content":{"rendered":"<p>Aqu\u00ed mateix us deixem les <a href=\"https:\/\/drive.google.com\/drive\/folders\/1D4znZ0GZV-iAlqFCfofjaagze-4Yd-xH?usp=sharing\"><strong>FOTOS<\/strong>\u00a0<\/a>de la Graduaci\u00f3 dels nostres alumnes de 4t d&#8217;ESO.<\/p>\n<p>Aquest curs ha estat ben especial, finalitzeu una etapa important de la vostra formaci\u00f3. Per als que continueu amb nosaltres a Batxillerat potser el canvi no ser\u00e0 tan gran, per\u00f2 alguns de vosaltres seguireu un altre cam\u00ed, deixant enrere companys de batalles, professors i mil i un records de cadascun dels racons de l&#8217;institut. Tot forma part de la vida del centre i dels diferents aprenentatges que heu anat incorporant durant aquests quatre cursos junts, dins i fora de l&#8217;aula.<\/p>\n<p>Esperem que en guardeu un bon record.<\/p>\n<p><img loading=\"lazy\" decoding=\"async\" class=\"aligncenter wp-image-2457\" src=\"https:\/\/agora.xtec.cat\/instarragona\/wp-content\/uploads\/usu484\/2021\/06\/Captura-1.png\" alt=\"\" width=\"1021\" height=\"367\" srcset=\"https:\/\/agora.xtec.cat\/instarragona\/wp-content\/uploads\/usu484\/2021\/06\/Captura-1.png 732w, https:\/\/agora.xtec.cat\/instarragona\/wp-content\/uploads\/usu484\/2021\/06\/Captura-1-300x108.png 300w\" sizes=\"auto, (max-width: 1021px) 100vw, 1021px\" \/><\/p>\n<p>A reveure!<\/p>\n<p>&nbsp;<\/p>\n","protected":false},"excerpt":{"rendered":"<p>Aqu\u00ed mateix us deixem les <a href=\"https:\/\/drive.google.com\/drive\/folders\/1D4znZ0GZV-iAlqFCfofjaagze-4Yd-xH?usp=sharing\">FOTOS\u00a0<\/a>de la Graduaci\u00f3 dels nostres alumnes de 4t d&#8217;ESO.<br \/>\nAquest curs ha estat ben especial, finalitzeu una etapa important de la vostra formaci\u00f3. Per als que continueu amb nosaltres a Batxillerat potser el canvi no ser\u00e0 tan gran, per\u00f2 alguns&hellip;  <a href=\"https:\/\/agora.xtec.cat\/instarragona\/portada\/graduacio-de-4t-deso\/\" title=\"Read Graduaci\u00f3 de 4t d&#8217;ESO\">Llegeix m\u00e9s\u00bb<\/a><\/p>\n","protected":false},"author":1,"featured_media":2457,"comment_status":"open","ping_status":"closed","sticky":false,"template":"","format":"standard","meta":{"_bbp_topic_count":0,"_bbp_reply_count":0,"_bbp_total_topic_count":0,"_bbp_total_reply_count":0,"_bbp_voice_count":0,"_bbp_anonymous_reply_count":0,"_bbp_topic_count_hidden":0,"_bbp_reply_count_hidden":0,"_bbp_forum_subforum_count":0,"footnotes":""},"categories":[29],"tags":[],"class_list":["post-2456","post","type-post","status-publish","format-standard","has-post-thumbnail","hentry","category-portada"],"post_mailing_queue_ids":[],"_links":{"self":[{"href":"https:\/\/agora.xtec.cat\/instarragona\/wp-json\/wp\/v2\/posts\/2456","targetHints":{"allow":["GET"]}}],"collection":[{"href":"https:\/\/agora.xtec.cat\/instarragona\/wp-json\/wp\/v2\/posts"}],"about":[{"href":"https:\/\/agora.xtec.cat\/instarragona\/wp-json\/wp\/v2\/types\/post"}],"author":[{"embeddable":true,"href":"https:\/\/agora.xtec.cat\/instarragona\/wp-json\/wp\/v2\/users\/1"}],"replies":[{"embeddable":true,"href":"https:\/\/agora.xtec.cat\/instarragona\/wp-json\/wp\/v2\/comments?post=2456"}],"version-history":[{"count":3,"href":"https:\/\/agora.xtec.cat\/instarragona\/wp-json\/wp\/v2\/posts\/2456\/revisions"}],"predecessor-version":[{"id":2460,"href":"https:\/\/agora.xtec.cat\/instarragona\/wp-json\/wp\/v2\/posts\/2456\/revisions\/2460"}],"wp:featuredmedia":[{"embeddable":true,"href":"https:\/\/agora.xtec.cat\/instarragona\/wp-json\/wp\/v2\/media\/2457"}],"wp:attachment":[{"href":"https:\/\/agora.xtec.cat\/instarragona\/wp-json\/wp\/v2\/media?parent=2456"}],"wp:term":[{"taxonomy":"category","embeddable":true,"href":"https:\/\/agora.xtec.cat\/instarragona\/wp-json\/wp\/v2\/categories?post=2456"},{"taxonomy":"post_tag","embeddable":true,"href":"https:\/\/agora.xtec.cat\/instarragona\/wp-json\/wp\/v2\/tags?post=2456"}],"curies":[{"name":"wp","href":"https:\/\/api.w.org\/{rel}","templated":true}]}}