{"id":2444,"date":"2021-06-08T11:49:36","date_gmt":"2021-06-08T09:49:36","guid":{"rendered":"http:\/\/agora.xtec.cat\/instarragona\/?p=2444"},"modified":"2021-06-08T11:50:43","modified_gmt":"2021-06-08T09:50:43","slug":"el-rap-de-la-siei","status":"publish","type":"post","link":"https:\/\/agora.xtec.cat\/instarragona\/portada\/el-rap-de-la-siei\/","title":{"rendered":"El rap de la SIEI"},"content":{"rendered":"<p>Els nois i noies de la SIEI ens han sorpr\u00e8s amb un rap de creaci\u00f3 pr\u00f2pia.\u00a0S\u00f3n uns artistes!<\/p>\n<p><iframe loading=\"lazy\" src=\"https:\/\/www.youtube.com\/embed\/lS42Q6EShQU\" width=\"560\" height=\"315\" frameborder=\"0\"><\/iframe><\/p>\n<p><img loading=\"lazy\" decoding=\"async\" class=\"aligncenter  wp-image-2445\" src=\"https:\/\/agora.xtec.cat\/instarragona\/wp-content\/uploads\/usu484\/2021\/06\/image0-3.jpeg\" alt=\"\" width=\"1103\" height=\"1103\" srcset=\"https:\/\/agora.xtec.cat\/instarragona\/wp-content\/uploads\/usu484\/2021\/06\/image0-3.jpeg 1920w, https:\/\/agora.xtec.cat\/instarragona\/wp-content\/uploads\/usu484\/2021\/06\/image0-3-150x150.jpeg 150w, https:\/\/agora.xtec.cat\/instarragona\/wp-content\/uploads\/usu484\/2021\/06\/image0-3-300x300.jpeg 300w, https:\/\/agora.xtec.cat\/instarragona\/wp-content\/uploads\/usu484\/2021\/06\/image0-3-768x768.jpeg 768w, https:\/\/agora.xtec.cat\/instarragona\/wp-content\/uploads\/usu484\/2021\/06\/image0-3-1024x1024.jpeg 1024w\" sizes=\"auto, (max-width: 1103px) 100vw, 1103px\" \/><\/p>\n","protected":false},"excerpt":{"rendered":"<p>Els nois i noies de la SIEI ens han sorpr\u00e8s amb un rap de creaci\u00f3 pr\u00f2pia.\u00a0S\u00f3n uns artistes!<\/p>\n","protected":false},"author":1,"featured_media":2446,"comment_status":"open","ping_status":"closed","sticky":false,"template":"","format":"standard","meta":{"_bbp_topic_count":0,"_bbp_reply_count":0,"_bbp_total_topic_count":0,"_bbp_total_reply_count":0,"_bbp_voice_count":0,"_bbp_anonymous_reply_count":0,"_bbp_topic_count_hidden":0,"_bbp_reply_count_hidden":0,"_bbp_forum_subforum_count":0,"footnotes":""},"categories":[29],"tags":[122],"class_list":["post-2444","post","type-post","status-publish","format-standard","has-post-thumbnail","hentry","category-portada","tag-siei"],"post_mailing_queue_ids":[],"_links":{"self":[{"href":"https:\/\/agora.xtec.cat\/instarragona\/wp-json\/wp\/v2\/posts\/2444","targetHints":{"allow":["GET"]}}],"collection":[{"href":"https:\/\/agora.xtec.cat\/instarragona\/wp-json\/wp\/v2\/posts"}],"about":[{"href":"https:\/\/agora.xtec.cat\/instarragona\/wp-json\/wp\/v2\/types\/post"}],"author":[{"embeddable":true,"href":"https:\/\/agora.xtec.cat\/instarragona\/wp-json\/wp\/v2\/users\/1"}],"replies":[{"embeddable":true,"href":"https:\/\/agora.xtec.cat\/instarragona\/wp-json\/wp\/v2\/comments?post=2444"}],"version-history":[{"count":2,"href":"https:\/\/agora.xtec.cat\/instarragona\/wp-json\/wp\/v2\/posts\/2444\/revisions"}],"predecessor-version":[{"id":2448,"href":"https:\/\/agora.xtec.cat\/instarragona\/wp-json\/wp\/v2\/posts\/2444\/revisions\/2448"}],"wp:featuredmedia":[{"embeddable":true,"href":"https:\/\/agora.xtec.cat\/instarragona\/wp-json\/wp\/v2\/media\/2446"}],"wp:attachment":[{"href":"https:\/\/agora.xtec.cat\/instarragona\/wp-json\/wp\/v2\/media?parent=2444"}],"wp:term":[{"taxonomy":"category","embeddable":true,"href":"https:\/\/agora.xtec.cat\/instarragona\/wp-json\/wp\/v2\/categories?post=2444"},{"taxonomy":"post_tag","embeddable":true,"href":"https:\/\/agora.xtec.cat\/instarragona\/wp-json\/wp\/v2\/tags?post=2444"}],"curies":[{"name":"wp","href":"https:\/\/api.w.org\/{rel}","templated":true}]}}