{"id":2417,"date":"2021-05-28T11:57:44","date_gmt":"2021-05-28T09:57:44","guid":{"rendered":"http:\/\/agora.xtec.cat\/instarragona\/?p=2417"},"modified":"2021-06-04T08:25:54","modified_gmt":"2021-06-04T06:25:54","slug":"graduacio-2n-de-batxillerat","status":"publish","type":"post","link":"https:\/\/agora.xtec.cat\/instarragona\/batxillerat\/graduacio-2n-de-batxillerat\/","title":{"rendered":"Graduaci\u00f3 2n de Batxillerat"},"content":{"rendered":"<p>Hem pogut celebrar la graduaci\u00f3 dels nostres alumnes de Batxillerat. Un acte senzill i sense fam\u00edlies, per\u00f2 sens dubte del tot entranyable. Despr\u00e9s de sis anys, l&#8217;institut Tarragona us diu a reveure i us desitja el millor dels camins. Molta sort!<\/p>\n<p>Feu-nos una visita de quan en quan!<\/p>\n<p>M\u00e9s imatges <strong><a href=\"https:\/\/drive.google.com\/drive\/folders\/1jfrGSER0LU7uNX25PQMtzAtBV1B3AknB?usp=sharing\">aqu\u00ed<\/a><\/strong> mateix.<\/p>\n<p><img loading=\"lazy\" decoding=\"async\" class=\"aligncenter wp-image-2418\" src=\"https:\/\/agora.xtec.cat\/instarragona\/wp-content\/uploads\/usu484\/2021\/05\/IMG-20210528-WA0000.jpg\" alt=\"\" width=\"1042\" height=\"781\" srcset=\"https:\/\/agora.xtec.cat\/instarragona\/wp-content\/uploads\/usu484\/2021\/05\/IMG-20210528-WA0000.jpg 2000w, https:\/\/agora.xtec.cat\/instarragona\/wp-content\/uploads\/usu484\/2021\/05\/IMG-20210528-WA0000-300x225.jpg 300w, https:\/\/agora.xtec.cat\/instarragona\/wp-content\/uploads\/usu484\/2021\/05\/IMG-20210528-WA0000-768x576.jpg 768w, https:\/\/agora.xtec.cat\/instarragona\/wp-content\/uploads\/usu484\/2021\/05\/IMG-20210528-WA0000-1024x768.jpg 1024w, https:\/\/agora.xtec.cat\/instarragona\/wp-content\/uploads\/usu484\/2021\/05\/IMG-20210528-WA0000-200x150.jpg 200w\" sizes=\"auto, (max-width: 1042px) 100vw, 1042px\" \/><\/p>\n<p>&nbsp;<\/p>\n","protected":false},"excerpt":{"rendered":"<p>Hem pogut celebrar la graduaci\u00f3 dels nostres alumnes de Batxillerat. Un acte senzill i sense fam\u00edlies, per\u00f2 sens dubte del tot entranyable. Despr\u00e9s de sis anys, l&#8217;institut Tarragona us diu a reveure i us desitja el millor dels camins. Molta sort!<br \/>\nFeu-nos una visita de quan&hellip;  <a href=\"https:\/\/agora.xtec.cat\/instarragona\/batxillerat\/graduacio-2n-de-batxillerat\/\" title=\"Read Graduaci\u00f3 2n de Batxillerat\">Llegeix m\u00e9s\u00bb<\/a><\/p>\n","protected":false},"author":1,"featured_media":2419,"comment_status":"open","ping_status":"closed","sticky":false,"template":"","format":"standard","meta":{"_bbp_topic_count":0,"_bbp_reply_count":0,"_bbp_total_topic_count":0,"_bbp_total_reply_count":0,"_bbp_voice_count":0,"_bbp_anonymous_reply_count":0,"_bbp_topic_count_hidden":0,"_bbp_reply_count_hidden":0,"_bbp_forum_subforum_count":0,"footnotes":""},"categories":[8,29],"tags":[],"class_list":["post-2417","post","type-post","status-publish","format-standard","has-post-thumbnail","hentry","category-batxillerat","category-portada"],"post_mailing_queue_ids":[],"_links":{"self":[{"href":"https:\/\/agora.xtec.cat\/instarragona\/wp-json\/wp\/v2\/posts\/2417","targetHints":{"allow":["GET"]}}],"collection":[{"href":"https:\/\/agora.xtec.cat\/instarragona\/wp-json\/wp\/v2\/posts"}],"about":[{"href":"https:\/\/agora.xtec.cat\/instarragona\/wp-json\/wp\/v2\/types\/post"}],"author":[{"embeddable":true,"href":"https:\/\/agora.xtec.cat\/instarragona\/wp-json\/wp\/v2\/users\/1"}],"replies":[{"embeddable":true,"href":"https:\/\/agora.xtec.cat\/instarragona\/wp-json\/wp\/v2\/comments?post=2417"}],"version-history":[{"count":2,"href":"https:\/\/agora.xtec.cat\/instarragona\/wp-json\/wp\/v2\/posts\/2417\/revisions"}],"predecessor-version":[{"id":2430,"href":"https:\/\/agora.xtec.cat\/instarragona\/wp-json\/wp\/v2\/posts\/2417\/revisions\/2430"}],"wp:featuredmedia":[{"embeddable":true,"href":"https:\/\/agora.xtec.cat\/instarragona\/wp-json\/wp\/v2\/media\/2419"}],"wp:attachment":[{"href":"https:\/\/agora.xtec.cat\/instarragona\/wp-json\/wp\/v2\/media?parent=2417"}],"wp:term":[{"taxonomy":"category","embeddable":true,"href":"https:\/\/agora.xtec.cat\/instarragona\/wp-json\/wp\/v2\/categories?post=2417"},{"taxonomy":"post_tag","embeddable":true,"href":"https:\/\/agora.xtec.cat\/instarragona\/wp-json\/wp\/v2\/tags?post=2417"}],"curies":[{"name":"wp","href":"https:\/\/api.w.org\/{rel}","templated":true}]}}