{"id":2408,"date":"2021-05-25T12:25:04","date_gmt":"2021-05-25T10:25:04","guid":{"rendered":"http:\/\/agora.xtec.cat\/instarragona\/?p=2408"},"modified":"2021-05-25T12:30:15","modified_gmt":"2021-05-25T10:30:15","slug":"mercat-de-tecnologia","status":"publish","type":"post","link":"https:\/\/agora.xtec.cat\/instarragona\/eso\/eso-3\/mercat-de-tecnologia\/","title":{"rendered":"Mercat de tecnologia"},"content":{"rendered":"<p>Gr\u00e0cies J\u00falia, gr\u00e0cies Marc per la vostra col.laboraci\u00f3 al <a href=\"http:\/\/www.ice.udl.cat\/ca\/activitats\/tecnologia\/\">Mercat de tecnologia<\/a>.\u00a0No \u00e9s f\u00e0cil posar-se davant la c\u00e0mara per explicar arreu com funciona el vostre projecte.<\/p>\n<p><img loading=\"lazy\" decoding=\"async\" class=\"aligncenter wp-image-2411\" src=\"https:\/\/agora.xtec.cat\/instarragona\/wp-content\/uploads\/usu484\/2021\/05\/IMG_20210514_110814.jpg\" alt=\"\" width=\"604\" height=\"449\" srcset=\"https:\/\/agora.xtec.cat\/instarragona\/wp-content\/uploads\/usu484\/2021\/05\/IMG_20210514_110814.jpg 651w, https:\/\/agora.xtec.cat\/instarragona\/wp-content\/uploads\/usu484\/2021\/05\/IMG_20210514_110814-300x223.jpg 300w, https:\/\/agora.xtec.cat\/instarragona\/wp-content\/uploads\/usu484\/2021\/05\/IMG_20210514_110814-200x150.jpg 200w\" sizes=\"auto, (max-width: 604px) 100vw, 604px\" \/><\/p>\n<p>&nbsp;<\/p>\n<p><img loading=\"lazy\" decoding=\"async\" class=\"aligncenter size-full wp-image-2412\" src=\"https:\/\/agora.xtec.cat\/instarragona\/wp-content\/uploads\/usu484\/2021\/05\/IMG_20210514_111515.jpg\" alt=\"\" width=\"361\" height=\"477\" srcset=\"https:\/\/agora.xtec.cat\/instarragona\/wp-content\/uploads\/usu484\/2021\/05\/IMG_20210514_111515.jpg 361w, https:\/\/agora.xtec.cat\/instarragona\/wp-content\/uploads\/usu484\/2021\/05\/IMG_20210514_111515-227x300.jpg 227w\" sizes=\"auto, (max-width: 361px) 100vw, 361px\" \/><\/p>\n<p>&nbsp;<\/p>\n<p><img loading=\"lazy\" decoding=\"async\" class=\"aligncenter size-full wp-image-2413\" src=\"https:\/\/agora.xtec.cat\/instarragona\/wp-content\/uploads\/usu484\/2021\/05\/IMG_20210514_111526.jpg\" alt=\"\" width=\"491\" height=\"482\" srcset=\"https:\/\/agora.xtec.cat\/instarragona\/wp-content\/uploads\/usu484\/2021\/05\/IMG_20210514_111526.jpg 491w, https:\/\/agora.xtec.cat\/instarragona\/wp-content\/uploads\/usu484\/2021\/05\/IMG_20210514_111526-300x295.jpg 300w\" sizes=\"auto, (max-width: 491px) 100vw, 491px\" \/><\/p>\n<p>A m\u00e9s a m\u00e9s, tot i que aquest any ha estat en l\u00ednia (i no ni molt menys tan distret) hem escoltat les xerrades d&#8217;en Marc Boada i del Tom\u00e0s Molina.<\/p>\n<p><img loading=\"lazy\" decoding=\"async\" class=\"aligncenter size-full wp-image-2410\" src=\"https:\/\/agora.xtec.cat\/instarragona\/wp-content\/uploads\/usu484\/2021\/05\/IMG_20210513_132342.jpg\" alt=\"\" width=\"535\" height=\"407\" srcset=\"https:\/\/agora.xtec.cat\/instarragona\/wp-content\/uploads\/usu484\/2021\/05\/IMG_20210513_132342.jpg 535w, https:\/\/agora.xtec.cat\/instarragona\/wp-content\/uploads\/usu484\/2021\/05\/IMG_20210513_132342-300x228.jpg 300w\" sizes=\"auto, (max-width: 535px) 100vw, 535px\" \/><\/p>\n<p>&nbsp;<\/p>\n<p><img loading=\"lazy\" decoding=\"async\" class=\"aligncenter wp-image-2409\" src=\"https:\/\/agora.xtec.cat\/instarragona\/wp-content\/uploads\/usu484\/2021\/05\/IMG-20210514-WA0001.jpg\" alt=\"\" width=\"645\" height=\"363\" srcset=\"https:\/\/agora.xtec.cat\/instarragona\/wp-content\/uploads\/usu484\/2021\/05\/IMG-20210514-WA0001.jpg 1920w, https:\/\/agora.xtec.cat\/instarragona\/wp-content\/uploads\/usu484\/2021\/05\/IMG-20210514-WA0001-300x169.jpg 300w, https:\/\/agora.xtec.cat\/instarragona\/wp-content\/uploads\/usu484\/2021\/05\/IMG-20210514-WA0001-768x432.jpg 768w, https:\/\/agora.xtec.cat\/instarragona\/wp-content\/uploads\/usu484\/2021\/05\/IMG-20210514-WA0001-1024x576.jpg 1024w\" sizes=\"auto, (max-width: 645px) 100vw, 645px\" \/><\/p>\n<p>&nbsp;<\/p>\n","protected":false},"excerpt":{"rendered":"<p>Gr\u00e0cies J\u00falia, gr\u00e0cies Marc per la vostra col.laboraci\u00f3 al <a href=\"http:\/\/www.ice.udl.cat\/ca\/activitats\/tecnologia\/\">Mercat de tecnologia<\/a>.\u00a0No \u00e9s f\u00e0cil posar-se davant la c\u00e0mara per explicar arreu com funciona el vostre projecte.<\/p>\n<p>&nbsp;<\/p>\n<p>&nbsp;<\/p>\n<p>A m\u00e9s a m\u00e9s, tot i que aquest any ha estat en l\u00ednia (i no ni molt menys tan&hellip;  <a href=\"https:\/\/agora.xtec.cat\/instarragona\/eso\/eso-3\/mercat-de-tecnologia\/\" title=\"Read Mercat de tecnologia\">Llegeix m\u00e9s\u00bb<\/a><\/p>\n","protected":false},"author":1,"featured_media":2413,"comment_status":"open","ping_status":"closed","sticky":false,"template":"","format":"standard","meta":{"_bbp_topic_count":0,"_bbp_reply_count":0,"_bbp_total_topic_count":0,"_bbp_total_reply_count":0,"_bbp_voice_count":0,"_bbp_anonymous_reply_count":0,"_bbp_topic_count_hidden":0,"_bbp_reply_count_hidden":0,"_bbp_forum_subforum_count":0,"footnotes":""},"categories":[6,29],"tags":[110],"class_list":["post-2408","post","type-post","status-publish","format-standard","has-post-thumbnail","hentry","category-eso-3","category-portada","tag-tecnologia"],"post_mailing_queue_ids":[],"_links":{"self":[{"href":"https:\/\/agora.xtec.cat\/instarragona\/wp-json\/wp\/v2\/posts\/2408","targetHints":{"allow":["GET"]}}],"collection":[{"href":"https:\/\/agora.xtec.cat\/instarragona\/wp-json\/wp\/v2\/posts"}],"about":[{"href":"https:\/\/agora.xtec.cat\/instarragona\/wp-json\/wp\/v2\/types\/post"}],"author":[{"embeddable":true,"href":"https:\/\/agora.xtec.cat\/instarragona\/wp-json\/wp\/v2\/users\/1"}],"replies":[{"embeddable":true,"href":"https:\/\/agora.xtec.cat\/instarragona\/wp-json\/wp\/v2\/comments?post=2408"}],"version-history":[{"count":3,"href":"https:\/\/agora.xtec.cat\/instarragona\/wp-json\/wp\/v2\/posts\/2408\/revisions"}],"predecessor-version":[{"id":2416,"href":"https:\/\/agora.xtec.cat\/instarragona\/wp-json\/wp\/v2\/posts\/2408\/revisions\/2416"}],"wp:featuredmedia":[{"embeddable":true,"href":"https:\/\/agora.xtec.cat\/instarragona\/wp-json\/wp\/v2\/media\/2413"}],"wp:attachment":[{"href":"https:\/\/agora.xtec.cat\/instarragona\/wp-json\/wp\/v2\/media?parent=2408"}],"wp:term":[{"taxonomy":"category","embeddable":true,"href":"https:\/\/agora.xtec.cat\/instarragona\/wp-json\/wp\/v2\/categories?post=2408"},{"taxonomy":"post_tag","embeddable":true,"href":"https:\/\/agora.xtec.cat\/instarragona\/wp-json\/wp\/v2\/tags?post=2408"}],"curies":[{"name":"wp","href":"https:\/\/api.w.org\/{rel}","templated":true}]}}