{"id":2392,"date":"2021-05-20T12:27:39","date_gmt":"2021-05-20T10:27:39","guid":{"rendered":"http:\/\/agora.xtec.cat\/instarragona\/?p=2392"},"modified":"2021-05-20T12:27:39","modified_gmt":"2021-05-20T10:27:39","slug":"cub-soma-amb-tinkercad","status":"publish","type":"post","link":"https:\/\/agora.xtec.cat\/instarragona\/eso\/eso-2\/cub-soma-amb-tinkercad\/","title":{"rendered":"Cub Soma amb TinkerCad!"},"content":{"rendered":"<p><span style=\"color: #000000;\">El cub Soma \u00e9s un trencaclosques inventat per Piet Hein en 1936 ideal per iniciar-se en el disseny 3D. A 2n d&#8217;ESO hem utilitzat Tinkercad, just despr\u00e9s de tocar tamb\u00e9 el LibreCAD i altres softwares lliures i gratu\u00efts.<\/p>\n<p>Com an\u00e8cdota, el nom de Soma ve per la subst\u00e0ncia que es descriu a la novel\u00b7la &#8220;Un m\u00f3n feli\u00e7&#8221; d&#8217;Aldous Huxley. Una subst\u00e0ncia que afecta la conducta social, propiciant la simpatia, l&#8217;amabilitat&#8230;<\/span><\/p>\n<p><span style=\"color: #000000;\">Aprofitem per felicitar a la classe sencera per la molt bona feina i sobretot&#8230; per deixar-se seduit pels efectes del cub Soma&#8230; \ud83d\ude09<\/span><\/p>\n<p><img loading=\"lazy\" decoding=\"async\" class=\"aligncenter size-full wp-image-2393\" src=\"https:\/\/agora.xtec.cat\/instarragona\/wp-content\/uploads\/usu484\/2021\/05\/Captura-4.jpg\" alt=\"\" width=\"1455\" height=\"907\" srcset=\"https:\/\/agora.xtec.cat\/instarragona\/wp-content\/uploads\/usu484\/2021\/05\/Captura-4.jpg 1455w, https:\/\/agora.xtec.cat\/instarragona\/wp-content\/uploads\/usu484\/2021\/05\/Captura-4-300x187.jpg 300w, https:\/\/agora.xtec.cat\/instarragona\/wp-content\/uploads\/usu484\/2021\/05\/Captura-4-768x479.jpg 768w, https:\/\/agora.xtec.cat\/instarragona\/wp-content\/uploads\/usu484\/2021\/05\/Captura-4-1024x638.jpg 1024w\" sizes=\"auto, (max-width: 1455px) 100vw, 1455px\" \/><\/p>\n","protected":false},"excerpt":{"rendered":"<p>El cub Soma \u00e9s un trencaclosques inventat per Piet Hein en 1936 ideal per iniciar-se en el disseny 3D. A 2n d&#8217;ESO hem utilitzat Tinkercad, just despr\u00e9s de tocar tamb\u00e9 el LibreCAD i altres softwares lliures i gratu\u00efts.<br \/>\nCom an\u00e8cdota, el nom de Soma ve per&hellip;  <a href=\"https:\/\/agora.xtec.cat\/instarragona\/eso\/eso-2\/cub-soma-amb-tinkercad\/\" title=\"Read Cub Soma amb TinkerCad!\">Llegeix m\u00e9s\u00bb<\/a><\/p>\n","protected":false},"author":1,"featured_media":2394,"comment_status":"open","ping_status":"closed","sticky":false,"template":"","format":"standard","meta":{"_bbp_topic_count":0,"_bbp_reply_count":0,"_bbp_total_topic_count":0,"_bbp_total_reply_count":0,"_bbp_voice_count":0,"_bbp_anonymous_reply_count":0,"_bbp_topic_count_hidden":0,"_bbp_reply_count_hidden":0,"_bbp_forum_subforum_count":0,"footnotes":""},"categories":[5,29],"tags":[110],"class_list":["post-2392","post","type-post","status-publish","format-standard","has-post-thumbnail","hentry","category-eso-2","category-portada","tag-tecnologia"],"post_mailing_queue_ids":[],"_links":{"self":[{"href":"https:\/\/agora.xtec.cat\/instarragona\/wp-json\/wp\/v2\/posts\/2392","targetHints":{"allow":["GET"]}}],"collection":[{"href":"https:\/\/agora.xtec.cat\/instarragona\/wp-json\/wp\/v2\/posts"}],"about":[{"href":"https:\/\/agora.xtec.cat\/instarragona\/wp-json\/wp\/v2\/types\/post"}],"author":[{"embeddable":true,"href":"https:\/\/agora.xtec.cat\/instarragona\/wp-json\/wp\/v2\/users\/1"}],"replies":[{"embeddable":true,"href":"https:\/\/agora.xtec.cat\/instarragona\/wp-json\/wp\/v2\/comments?post=2392"}],"version-history":[{"count":1,"href":"https:\/\/agora.xtec.cat\/instarragona\/wp-json\/wp\/v2\/posts\/2392\/revisions"}],"predecessor-version":[{"id":2395,"href":"https:\/\/agora.xtec.cat\/instarragona\/wp-json\/wp\/v2\/posts\/2392\/revisions\/2395"}],"wp:featuredmedia":[{"embeddable":true,"href":"https:\/\/agora.xtec.cat\/instarragona\/wp-json\/wp\/v2\/media\/2394"}],"wp:attachment":[{"href":"https:\/\/agora.xtec.cat\/instarragona\/wp-json\/wp\/v2\/media?parent=2392"}],"wp:term":[{"taxonomy":"category","embeddable":true,"href":"https:\/\/agora.xtec.cat\/instarragona\/wp-json\/wp\/v2\/categories?post=2392"},{"taxonomy":"post_tag","embeddable":true,"href":"https:\/\/agora.xtec.cat\/instarragona\/wp-json\/wp\/v2\/tags?post=2392"}],"curies":[{"name":"wp","href":"https:\/\/api.w.org\/{rel}","templated":true}]}}