{"id":2381,"date":"2021-05-20T12:05:38","date_gmt":"2021-05-20T10:05:38","guid":{"rendered":"http:\/\/agora.xtec.cat\/instarragona\/?p=2381"},"modified":"2021-05-20T12:05:38","modified_gmt":"2021-05-20T10:05:38","slug":"la-ultima-noche","status":"publish","type":"post","link":"https:\/\/agora.xtec.cat\/instarragona\/portada\/la-ultima-noche\/","title":{"rendered":"La \u00faltima noche"},"content":{"rendered":"<p><b style=\"font-family: verdana, sans-serif; font-size: large;\"><i>La \u00faltima noche<\/i><\/b><span style=\"font-family: verdana, sans-serif; font-size: large;\">\u00a0\u00e9s una novel\u00b7la gr\u00e1fica adequada\u00a0per al 1r cicle de l&#8217;ESO. Com\u00e8dia rom\u00e0ntica molt estatunidenca. Sorpr\u00e8n l&#8217;escenari de l&#8217;acci\u00f3, que ens \u00e9s desconegut a nosaltres.\u00a0<\/span><a style=\"color: #1155cc; font-family: verdana, sans-serif; font-size: large;\" href=\"https:\/\/bibliotecainstarragona.blogspot.com\/2021\/05\/la-ultima-noche.html\" target=\"_blank\" rel=\"noopener noreferrer\" data-saferedirecturl=\"https:\/\/www.google.com\/url?q=https:\/\/bibliotecainstarragona.blogspot.com\/&amp;source=gmail&amp;ust=1621591391739000&amp;usg=AFQjCNEUnPOKttyXZOGmcRFGCwO6Y8N4gw\">La voleu descobrir?<\/a><span style=\"font-family: verdana, sans-serif; font-size: large;\">\u00a0<\/span><\/p>\n<p><span style=\"font-family: verdana, sans-serif; font-size: large;\"><img loading=\"lazy\" decoding=\"async\" class=\"aligncenter  wp-image-2382\" src=\"https:\/\/agora.xtec.cat\/instarragona\/wp-content\/uploads\/usu484\/2021\/05\/20210518_202903.jpeg\" alt=\"\" width=\"360\" height=\"480\" \/><\/span><\/p>\n","protected":false},"excerpt":{"rendered":"<p>La \u00faltima noche\u00a0\u00e9s una novel\u00b7la gr\u00e1fica adequada\u00a0per al 1r cicle de l&#8217;ESO. Com\u00e8dia rom\u00e0ntica molt estatunidenca. Sorpr\u00e8n l&#8217;escenari de l&#8217;acci\u00f3, que ens \u00e9s desconegut a nosaltres.\u00a0<a style=\"color: #1155cc; font-family: verdana, sans-serif; font-size: large;\" href=\"https:\/\/bibliotecainstarragona.blogspot.com\/2021\/05\/la-ultima-noche.html\" target=\"_blank\" rel=\"noopener noreferrer\" data-saferedirecturl=\"https:\/\/www.google.com\/url?q=https:\/\/bibliotecainstarragona.blogspot.com\/&amp;source=gmail&amp;ust=1621591391739000&amp;usg=AFQjCNEUnPOKttyXZOGmcRFGCwO6Y8N4gw\">La voleu descobrir?<\/a>\u00a0<\/p>\n","protected":false},"author":1,"featured_media":2382,"comment_status":"open","ping_status":"closed","sticky":false,"template":"","format":"standard","meta":{"_bbp_topic_count":0,"_bbp_reply_count":0,"_bbp_total_topic_count":0,"_bbp_total_reply_count":0,"_bbp_voice_count":0,"_bbp_anonymous_reply_count":0,"_bbp_topic_count_hidden":0,"_bbp_reply_count_hidden":0,"_bbp_forum_subforum_count":0,"footnotes":""},"categories":[29],"tags":[107],"class_list":["post-2381","post","type-post","status-publish","format-standard","has-post-thumbnail","hentry","category-portada","tag-biblioteca"],"post_mailing_queue_ids":[],"_links":{"self":[{"href":"https:\/\/agora.xtec.cat\/instarragona\/wp-json\/wp\/v2\/posts\/2381","targetHints":{"allow":["GET"]}}],"collection":[{"href":"https:\/\/agora.xtec.cat\/instarragona\/wp-json\/wp\/v2\/posts"}],"about":[{"href":"https:\/\/agora.xtec.cat\/instarragona\/wp-json\/wp\/v2\/types\/post"}],"author":[{"embeddable":true,"href":"https:\/\/agora.xtec.cat\/instarragona\/wp-json\/wp\/v2\/users\/1"}],"replies":[{"embeddable":true,"href":"https:\/\/agora.xtec.cat\/instarragona\/wp-json\/wp\/v2\/comments?post=2381"}],"version-history":[{"count":1,"href":"https:\/\/agora.xtec.cat\/instarragona\/wp-json\/wp\/v2\/posts\/2381\/revisions"}],"predecessor-version":[{"id":2383,"href":"https:\/\/agora.xtec.cat\/instarragona\/wp-json\/wp\/v2\/posts\/2381\/revisions\/2383"}],"wp:featuredmedia":[{"embeddable":true,"href":"https:\/\/agora.xtec.cat\/instarragona\/wp-json\/wp\/v2\/media\/2382"}],"wp:attachment":[{"href":"https:\/\/agora.xtec.cat\/instarragona\/wp-json\/wp\/v2\/media?parent=2381"}],"wp:term":[{"taxonomy":"category","embeddable":true,"href":"https:\/\/agora.xtec.cat\/instarragona\/wp-json\/wp\/v2\/categories?post=2381"},{"taxonomy":"post_tag","embeddable":true,"href":"https:\/\/agora.xtec.cat\/instarragona\/wp-json\/wp\/v2\/tags?post=2381"}],"curies":[{"name":"wp","href":"https:\/\/api.w.org\/{rel}","templated":true}]}}