{"id":2377,"date":"2021-05-13T10:08:21","date_gmt":"2021-05-13T08:08:21","guid":{"rendered":"http:\/\/agora.xtec.cat\/instarragona\/?p=2377"},"modified":"2021-05-13T10:08:48","modified_gmt":"2021-05-13T08:08:48","slug":"art-i-mite","status":"publish","type":"post","link":"https:\/\/agora.xtec.cat\/instarragona\/eso\/eso-1\/art-i-mite\/","title":{"rendered":"Art i mite"},"content":{"rendered":"<p>L&#8217;alumnat de 1r ESO dins l&#8217;assignatura de ci\u00e8ncies socials i els alumnes de 3r ESO de l&#8217;assignatura cultura cl\u00e0ssica\u00a0 han visitat l&#8217;exposici\u00f3 del Caixaforum\u00a0 &#8220;Art i Mite, Els D\u00e9us del Prado&#8221;. Aquesta exposici\u00f3 aplega una acurada selecci\u00f3 d&#8217;obres que formen part de les col\u00b7leccions del Museu Nacional del Prado. A trav\u00e9s de pintures, escultures i medalles \u2013datades entre el segle I aC i el final del segle XVIII\u2013, s&#8217;ofereix una \u00e0mplia mirada sobre la mitologia cl\u00e0ssica i la seva representaci\u00f3 al llarg de la hist\u00f2ria de l&#8217;art.<\/p>\n<p><img loading=\"lazy\" decoding=\"async\" class=\"aligncenter wp-image-2378\" src=\"https:\/\/agora.xtec.cat\/instarragona\/wp-content\/uploads\/usu484\/2021\/05\/Captura-1.jpg\" alt=\"\" width=\"1097\" height=\"677\" srcset=\"https:\/\/agora.xtec.cat\/instarragona\/wp-content\/uploads\/usu484\/2021\/05\/Captura-1.jpg 1301w, https:\/\/agora.xtec.cat\/instarragona\/wp-content\/uploads\/usu484\/2021\/05\/Captura-1-300x185.jpg 300w, https:\/\/agora.xtec.cat\/instarragona\/wp-content\/uploads\/usu484\/2021\/05\/Captura-1-768x474.jpg 768w, https:\/\/agora.xtec.cat\/instarragona\/wp-content\/uploads\/usu484\/2021\/05\/Captura-1-1024x632.jpg 1024w\" sizes=\"auto, (max-width: 1097px) 100vw, 1097px\" \/><\/p>\n<p>&nbsp;<\/p>\n","protected":false},"excerpt":{"rendered":"<p>L&#8217;alumnat de 1r ESO dins l&#8217;assignatura de ci\u00e8ncies socials i els alumnes de 3r ESO de l&#8217;assignatura cultura cl\u00e0ssica\u00a0 han visitat l&#8217;exposici\u00f3 del Caixaforum\u00a0 &#8220;Art i Mite, Els D\u00e9us del Prado&#8221;. Aquesta exposici\u00f3 aplega una acurada selecci\u00f3 d&#8217;obres que formen part de les col\u00b7leccions del&hellip;  <a href=\"https:\/\/agora.xtec.cat\/instarragona\/eso\/eso-1\/art-i-mite\/\" title=\"Read Art i mite\">Llegeix m\u00e9s\u00bb<\/a><\/p>\n","protected":false},"author":1,"featured_media":2379,"comment_status":"open","ping_status":"closed","sticky":false,"template":"","format":"standard","meta":{"_bbp_topic_count":0,"_bbp_reply_count":0,"_bbp_total_topic_count":0,"_bbp_total_reply_count":0,"_bbp_voice_count":0,"_bbp_anonymous_reply_count":0,"_bbp_topic_count_hidden":0,"_bbp_reply_count_hidden":0,"_bbp_forum_subforum_count":0,"footnotes":""},"categories":[4,6,29],"tags":[120],"class_list":["post-2377","post","type-post","status-publish","format-standard","has-post-thumbnail","hentry","category-eso-1","category-eso-3","category-portada","tag-socials"],"post_mailing_queue_ids":[],"_links":{"self":[{"href":"https:\/\/agora.xtec.cat\/instarragona\/wp-json\/wp\/v2\/posts\/2377","targetHints":{"allow":["GET"]}}],"collection":[{"href":"https:\/\/agora.xtec.cat\/instarragona\/wp-json\/wp\/v2\/posts"}],"about":[{"href":"https:\/\/agora.xtec.cat\/instarragona\/wp-json\/wp\/v2\/types\/post"}],"author":[{"embeddable":true,"href":"https:\/\/agora.xtec.cat\/instarragona\/wp-json\/wp\/v2\/users\/1"}],"replies":[{"embeddable":true,"href":"https:\/\/agora.xtec.cat\/instarragona\/wp-json\/wp\/v2\/comments?post=2377"}],"version-history":[{"count":1,"href":"https:\/\/agora.xtec.cat\/instarragona\/wp-json\/wp\/v2\/posts\/2377\/revisions"}],"predecessor-version":[{"id":2380,"href":"https:\/\/agora.xtec.cat\/instarragona\/wp-json\/wp\/v2\/posts\/2377\/revisions\/2380"}],"wp:featuredmedia":[{"embeddable":true,"href":"https:\/\/agora.xtec.cat\/instarragona\/wp-json\/wp\/v2\/media\/2379"}],"wp:attachment":[{"href":"https:\/\/agora.xtec.cat\/instarragona\/wp-json\/wp\/v2\/media?parent=2377"}],"wp:term":[{"taxonomy":"category","embeddable":true,"href":"https:\/\/agora.xtec.cat\/instarragona\/wp-json\/wp\/v2\/categories?post=2377"},{"taxonomy":"post_tag","embeddable":true,"href":"https:\/\/agora.xtec.cat\/instarragona\/wp-json\/wp\/v2\/tags?post=2377"}],"curies":[{"name":"wp","href":"https:\/\/api.w.org\/{rel}","templated":true}]}}