{"id":2365,"date":"2021-05-07T12:28:32","date_gmt":"2021-05-07T10:28:32","guid":{"rendered":"http:\/\/agora.xtec.cat\/instarragona\/?p=2365"},"modified":"2021-05-07T12:29:42","modified_gmt":"2021-05-07T10:29:42","slug":"lets-clean-up-europe","status":"publish","type":"post","link":"https:\/\/agora.xtec.cat\/instarragona\/eso\/eso-2\/lets-clean-up-europe\/","title":{"rendered":"Let&#8217;s clean up Europe!"},"content":{"rendered":"<p>&#8220;Let&#8217;s clean up Europe&#8221; \u00e9s una acci\u00f3 comuna a tot Europa per conscienciar sobre la quantitat de residus que llencem de forma incontrolada a la natura i promoure accions de sensibilitzaci\u00f3 a trav\u00e9s de la recollida d&#8217;aquests residus abocats il\u00b7legalment als boscos, platges, marges de rius, etc. Des de l&#8217;Ag\u00e8ncia de residus de Catalunya s&#8217;assessora sobre com organitzar l&#8217;operaci\u00f3 de neteja i la comptabilitza dins del programa.<\/p>\n<p><img loading=\"lazy\" decoding=\"async\" class=\"aligncenter wp-image-2368\" src=\"https:\/\/agora.xtec.cat\/instarragona\/wp-content\/uploads\/usu484\/2021\/05\/unnamed.jpg\" alt=\"\" width=\"735\" height=\"158\" srcset=\"https:\/\/agora.xtec.cat\/instarragona\/wp-content\/uploads\/usu484\/2021\/05\/unnamed.jpg 512w, https:\/\/agora.xtec.cat\/instarragona\/wp-content\/uploads\/usu484\/2021\/05\/unnamed-300x64.jpg 300w\" sizes=\"auto, (max-width: 735px) 100vw, 735px\" \/><\/p>\n<p style=\"text-align: center;\">Cal dir que des del centre hem batejat el programa amb el t\u00edtol:<\/p>\n<h2 style=\"text-align: center;\"><span style=\"color: #008000;\"><strong>Let&#8217;s clean up el Llorito<\/strong><\/span><\/h2>\n<p>Voldr\u00edem agrair molt\u00edssim a tot l&#8217;alumnat de 2n d&#8217;ESO la gran feina que heu fet i la vostra implicaci\u00f3. La cura del planeta \u00e9s responsabilitat de tots!<\/p>\n<p>Tot i que no ho vam poder pesar per problemes t\u00e8cnics, fent una estimaci\u00f3 hem calculat que vam recollir m\u00e9s de 100 Kg de vidre, 70 Kg d&#8217;envasos de pl\u00e0stic i alumni i 200 kg d&#8217;escombraries de rebuig. Podeu veure totes les imatges fent <strong><a href=\"https:\/\/drive.google.com\/drive\/folders\/1Y1oOd9hFn7gy4q00pCd0Z4j3gOqABDEM?usp=sharing\">clic<\/a><\/strong>.<\/p>\n<p>Aquesta activitat tamb\u00e9 s&#8217;enmarca dins del Projecte <strong>Erasmus<\/strong>+ <a href=\"https:\/\/agora.xtec.cat\/instarragona\/projectes\/\">&#8220;<strong>CLIMATE EMERGENCY IN EUROPE&#8221;<\/strong><\/a><\/p>\n<p><img loading=\"lazy\" decoding=\"async\" class=\"aligncenter size-full wp-image-1596\" src=\"https:\/\/agora.xtec.cat\/instarragona\/wp-content\/uploads\/usu484\/2019\/02\/baixa.png\" alt=\"\" width=\"456\" height=\"110\" srcset=\"https:\/\/agora.xtec.cat\/instarragona\/wp-content\/uploads\/usu484\/2019\/02\/baixa.png 456w, https:\/\/agora.xtec.cat\/instarragona\/wp-content\/uploads\/usu484\/2019\/02\/baixa-300x72.png 300w\" sizes=\"auto, (max-width: 456px) 100vw, 456px\" \/><\/p>\n<p><img loading=\"lazy\" decoding=\"async\" class=\"aligncenter wp-image-2370\" src=\"https:\/\/agora.xtec.cat\/instarragona\/wp-content\/uploads\/usu484\/2021\/05\/JJON6141.jpg\" alt=\"\" width=\"613\" height=\"345\" srcset=\"https:\/\/agora.xtec.cat\/instarragona\/wp-content\/uploads\/usu484\/2021\/05\/JJON6141.jpg 1024w, https:\/\/agora.xtec.cat\/instarragona\/wp-content\/uploads\/usu484\/2021\/05\/JJON6141-300x169.jpg 300w, https:\/\/agora.xtec.cat\/instarragona\/wp-content\/uploads\/usu484\/2021\/05\/JJON6141-768x432.jpg 768w\" sizes=\"auto, (max-width: 613px) 100vw, 613px\" \/><\/p>\n<p><img loading=\"lazy\" decoding=\"async\" class=\"aligncenter wp-image-2371\" src=\"https:\/\/agora.xtec.cat\/instarragona\/wp-content\/uploads\/usu484\/2021\/05\/LFED5416.jpg\" alt=\"\" width=\"603\" height=\"271\" srcset=\"https:\/\/agora.xtec.cat\/instarragona\/wp-content\/uploads\/usu484\/2021\/05\/LFED5416.jpg 1600w, https:\/\/agora.xtec.cat\/instarragona\/wp-content\/uploads\/usu484\/2021\/05\/LFED5416-300x135.jpg 300w, https:\/\/agora.xtec.cat\/instarragona\/wp-content\/uploads\/usu484\/2021\/05\/LFED5416-768x346.jpg 768w, https:\/\/agora.xtec.cat\/instarragona\/wp-content\/uploads\/usu484\/2021\/05\/LFED5416-1024x461.jpg 1024w\" sizes=\"auto, (max-width: 603px) 100vw, 603px\" \/><\/p>\n<p><img loading=\"lazy\" decoding=\"async\" class=\"aligncenter wp-image-2372\" src=\"https:\/\/agora.xtec.cat\/instarragona\/wp-content\/uploads\/usu484\/2021\/05\/QPZC3434.jpg\" alt=\"\" width=\"613\" height=\"345\" srcset=\"https:\/\/agora.xtec.cat\/instarragona\/wp-content\/uploads\/usu484\/2021\/05\/QPZC3434.jpg 1600w, https:\/\/agora.xtec.cat\/instarragona\/wp-content\/uploads\/usu484\/2021\/05\/QPZC3434-300x169.jpg 300w, https:\/\/agora.xtec.cat\/instarragona\/wp-content\/uploads\/usu484\/2021\/05\/QPZC3434-768x432.jpg 768w, https:\/\/agora.xtec.cat\/instarragona\/wp-content\/uploads\/usu484\/2021\/05\/QPZC3434-1024x576.jpg 1024w\" sizes=\"auto, (max-width: 613px) 100vw, 613px\" \/><\/p>\n<p><img loading=\"lazy\" decoding=\"async\" class=\"aligncenter wp-image-2373\" src=\"https:\/\/agora.xtec.cat\/instarragona\/wp-content\/uploads\/usu484\/2021\/05\/XYUH9222.jpg\" alt=\"\" width=\"613\" height=\"345\" srcset=\"https:\/\/agora.xtec.cat\/instarragona\/wp-content\/uploads\/usu484\/2021\/05\/XYUH9222.jpg 1024w, https:\/\/agora.xtec.cat\/instarragona\/wp-content\/uploads\/usu484\/2021\/05\/XYUH9222-300x169.jpg 300w, https:\/\/agora.xtec.cat\/instarragona\/wp-content\/uploads\/usu484\/2021\/05\/XYUH9222-768x432.jpg 768w\" sizes=\"auto, (max-width: 613px) 100vw, 613px\" \/><\/p>\n","protected":false},"excerpt":{"rendered":"<p>&#8220;Let&#8217;s clean up Europe&#8221; \u00e9s una acci\u00f3 comuna a tot Europa per conscienciar sobre la quantitat de residus que llencem de forma incontrolada a la natura i promoure accions de sensibilitzaci\u00f3 a trav\u00e9s de la recollida d&#8217;aquests residus abocats il\u00b7legalment als boscos, platges, marges de&hellip;  <a href=\"https:\/\/agora.xtec.cat\/instarragona\/eso\/eso-2\/lets-clean-up-europe\/\" title=\"Read Let&#8217;s clean up Europe!\">Llegeix m\u00e9s\u00bb<\/a><\/p>\n","protected":false},"author":1,"featured_media":2366,"comment_status":"open","ping_status":"closed","sticky":false,"template":"","format":"standard","meta":{"_bbp_topic_count":0,"_bbp_reply_count":0,"_bbp_total_topic_count":0,"_bbp_total_reply_count":0,"_bbp_voice_count":0,"_bbp_anonymous_reply_count":0,"_bbp_topic_count_hidden":0,"_bbp_reply_count_hidden":0,"_bbp_forum_subforum_count":0,"footnotes":""},"categories":[5,29],"tags":[132,101,99],"class_list":["post-2365","post","type-post","status-publish","format-standard","has-post-thumbnail","hentry","category-eso-2","category-portada","tag-erasmus-k2-ec","tag-erasmus","tag-projectes"],"post_mailing_queue_ids":[],"_links":{"self":[{"href":"https:\/\/agora.xtec.cat\/instarragona\/wp-json\/wp\/v2\/posts\/2365","targetHints":{"allow":["GET"]}}],"collection":[{"href":"https:\/\/agora.xtec.cat\/instarragona\/wp-json\/wp\/v2\/posts"}],"about":[{"href":"https:\/\/agora.xtec.cat\/instarragona\/wp-json\/wp\/v2\/types\/post"}],"author":[{"embeddable":true,"href":"https:\/\/agora.xtec.cat\/instarragona\/wp-json\/wp\/v2\/users\/1"}],"replies":[{"embeddable":true,"href":"https:\/\/agora.xtec.cat\/instarragona\/wp-json\/wp\/v2\/comments?post=2365"}],"version-history":[{"count":3,"href":"https:\/\/agora.xtec.cat\/instarragona\/wp-json\/wp\/v2\/posts\/2365\/revisions"}],"predecessor-version":[{"id":2375,"href":"https:\/\/agora.xtec.cat\/instarragona\/wp-json\/wp\/v2\/posts\/2365\/revisions\/2375"}],"wp:featuredmedia":[{"embeddable":true,"href":"https:\/\/agora.xtec.cat\/instarragona\/wp-json\/wp\/v2\/media\/2366"}],"wp:attachment":[{"href":"https:\/\/agora.xtec.cat\/instarragona\/wp-json\/wp\/v2\/media?parent=2365"}],"wp:term":[{"taxonomy":"category","embeddable":true,"href":"https:\/\/agora.xtec.cat\/instarragona\/wp-json\/wp\/v2\/categories?post=2365"},{"taxonomy":"post_tag","embeddable":true,"href":"https:\/\/agora.xtec.cat\/instarragona\/wp-json\/wp\/v2\/tags?post=2365"}],"curies":[{"name":"wp","href":"https:\/\/api.w.org\/{rel}","templated":true}]}}