{"id":2345,"date":"2021-05-04T13:21:59","date_gmt":"2021-05-04T11:21:59","guid":{"rendered":"http:\/\/agora.xtec.cat\/instarragona\/?p=2345"},"modified":"2021-05-06T11:46:54","modified_gmt":"2021-05-06T09:46:54","slug":"coses-del-beisbol-que-en-sabem","status":"publish","type":"post","link":"https:\/\/agora.xtec.cat\/instarragona\/eso\/eso-2\/coses-del-beisbol-que-en-sabem\/","title":{"rendered":"Coses del beisbol"},"content":{"rendered":"<p>Sabeu que a Tarragona tamb\u00e9 es juga a beisbol? L&#8217;alumnat de 2n i 3r ha tingut l&#8217;oportunitat de rebre una aut\u00e8ntica M\u00e0sterClass de mans del Marc Sang\u00fcesa, del club <a href=\"https:\/\/www.beisboltarragona.com\/\">Wolves<\/a>.<\/p>\n<p><img loading=\"lazy\" decoding=\"async\" class=\"aligncenter wp-image-2347\" src=\"https:\/\/agora.xtec.cat\/instarragona\/wp-content\/uploads\/usu484\/2021\/05\/Captura2.jpg\" alt=\"\" width=\"329\" height=\"245\" srcset=\"https:\/\/agora.xtec.cat\/instarragona\/wp-content\/uploads\/usu484\/2021\/05\/Captura2.jpg 1203w, https:\/\/agora.xtec.cat\/instarragona\/wp-content\/uploads\/usu484\/2021\/05\/Captura2-300x223.jpg 300w, https:\/\/agora.xtec.cat\/instarragona\/wp-content\/uploads\/usu484\/2021\/05\/Captura2-768x572.jpg 768w, https:\/\/agora.xtec.cat\/instarragona\/wp-content\/uploads\/usu484\/2021\/05\/Captura2-1024x763.jpg 1024w, https:\/\/agora.xtec.cat\/instarragona\/wp-content\/uploads\/usu484\/2021\/05\/Captura2-200x150.jpg 200w\" sizes=\"auto, (max-width: 329px) 100vw, 329px\" \/><\/p>\n<p><img loading=\"lazy\" decoding=\"async\" class=\"aligncenter wp-image-2348\" src=\"https:\/\/agora.xtec.cat\/instarragona\/wp-content\/uploads\/usu484\/2021\/05\/Captura.jpg\" alt=\"\" width=\"330\" height=\"240\" srcset=\"https:\/\/agora.xtec.cat\/instarragona\/wp-content\/uploads\/usu484\/2021\/05\/Captura.jpg 1199w, https:\/\/agora.xtec.cat\/instarragona\/wp-content\/uploads\/usu484\/2021\/05\/Captura-300x218.jpg 300w, https:\/\/agora.xtec.cat\/instarragona\/wp-content\/uploads\/usu484\/2021\/05\/Captura-768x559.jpg 768w, https:\/\/agora.xtec.cat\/instarragona\/wp-content\/uploads\/usu484\/2021\/05\/Captura-1024x745.jpg 1024w\" sizes=\"auto, (max-width: 330px) 100vw, 330px\" \/><\/p>\n","protected":false},"excerpt":{"rendered":"<p>Sabeu que a Tarragona tamb\u00e9 es juga a beisbol? L&#8217;alumnat de 2n i 3r ha tingut l&#8217;oportunitat de rebre una aut\u00e8ntica M\u00e0sterClass de mans del Marc Sang\u00fcesa, del club <a href=\"https:\/\/www.beisboltarragona.com\/\">Wolves<\/a>.<\/p>\n","protected":false},"author":1,"featured_media":0,"comment_status":"open","ping_status":"closed","sticky":false,"template":"","format":"standard","meta":{"_bbp_topic_count":0,"_bbp_reply_count":0,"_bbp_total_topic_count":0,"_bbp_total_reply_count":0,"_bbp_voice_count":0,"_bbp_anonymous_reply_count":0,"_bbp_topic_count_hidden":0,"_bbp_reply_count_hidden":0,"_bbp_forum_subforum_count":0,"footnotes":""},"categories":[5,6,29],"tags":[138],"class_list":["post-2345","post","type-post","status-publish","format-standard","hentry","category-eso-2","category-eso-3","category-portada","tag-ef"],"post_mailing_queue_ids":[],"_links":{"self":[{"href":"https:\/\/agora.xtec.cat\/instarragona\/wp-json\/wp\/v2\/posts\/2345","targetHints":{"allow":["GET"]}}],"collection":[{"href":"https:\/\/agora.xtec.cat\/instarragona\/wp-json\/wp\/v2\/posts"}],"about":[{"href":"https:\/\/agora.xtec.cat\/instarragona\/wp-json\/wp\/v2\/types\/post"}],"author":[{"embeddable":true,"href":"https:\/\/agora.xtec.cat\/instarragona\/wp-json\/wp\/v2\/users\/1"}],"replies":[{"embeddable":true,"href":"https:\/\/agora.xtec.cat\/instarragona\/wp-json\/wp\/v2\/comments?post=2345"}],"version-history":[{"count":3,"href":"https:\/\/agora.xtec.cat\/instarragona\/wp-json\/wp\/v2\/posts\/2345\/revisions"}],"predecessor-version":[{"id":2359,"href":"https:\/\/agora.xtec.cat\/instarragona\/wp-json\/wp\/v2\/posts\/2345\/revisions\/2359"}],"wp:attachment":[{"href":"https:\/\/agora.xtec.cat\/instarragona\/wp-json\/wp\/v2\/media?parent=2345"}],"wp:term":[{"taxonomy":"category","embeddable":true,"href":"https:\/\/agora.xtec.cat\/instarragona\/wp-json\/wp\/v2\/categories?post=2345"},{"taxonomy":"post_tag","embeddable":true,"href":"https:\/\/agora.xtec.cat\/instarragona\/wp-json\/wp\/v2\/tags?post=2345"}],"curies":[{"name":"wp","href":"https:\/\/api.w.org\/{rel}","templated":true}]}}