{"id":2326,"date":"2021-04-29T13:03:03","date_gmt":"2021-04-29T11:03:03","guid":{"rendered":"http:\/\/agora.xtec.cat\/instarragona\/?p=2326"},"modified":"2021-04-29T13:03:03","modified_gmt":"2021-04-29T11:03:03","slug":"la-geologia-de-la-nostra-costa","status":"publish","type":"post","link":"https:\/\/agora.xtec.cat\/instarragona\/eso\/eso-4\/la-geologia-de-la-nostra-costa\/","title":{"rendered":"La geologia de la nostra costa"},"content":{"rendered":"<div id=\":nq\" class=\"ii gt\">\n<div id=\":np\" class=\"a3s aiL \">\n<p class=\"yj6qo\">L\u2019alumnat de 4t de biologia i geologia i el de 1r de BAT de Ci\u00e8ncies de la terra i medi ambient ha realitzat un itinerari geol\u00f2gic per Tarragona per con\u00e8ixer millor la nostra ciutat i el litoral tarragon\u00ed des del punt de vista geol\u00f2gic, per identificar els diferents punts d\u2019inter\u00e9s i per comprendre fen\u00f2mens i estructures geol\u00f2giques de manera aplicada.<\/p>\n<p class=\"yj6qo\">Realment, han estat unes jornades divertides i molt interessants on l\u2019alumnat n&#8217;ha tret profit!<\/p>\n<p><img loading=\"lazy\" decoding=\"async\" class=\"aligncenter size-full wp-image-2327\" src=\"https:\/\/agora.xtec.cat\/instarragona\/wp-content\/uploads\/usu484\/2021\/04\/IMG-20210426-WA0028.jpg\" alt=\"\" width=\"1600\" height=\"1200\" srcset=\"https:\/\/agora.xtec.cat\/instarragona\/wp-content\/uploads\/usu484\/2021\/04\/IMG-20210426-WA0028.jpg 1600w, https:\/\/agora.xtec.cat\/instarragona\/wp-content\/uploads\/usu484\/2021\/04\/IMG-20210426-WA0028-300x225.jpg 300w, https:\/\/agora.xtec.cat\/instarragona\/wp-content\/uploads\/usu484\/2021\/04\/IMG-20210426-WA0028-768x576.jpg 768w, https:\/\/agora.xtec.cat\/instarragona\/wp-content\/uploads\/usu484\/2021\/04\/IMG-20210426-WA0028-1024x768.jpg 1024w, https:\/\/agora.xtec.cat\/instarragona\/wp-content\/uploads\/usu484\/2021\/04\/IMG-20210426-WA0028-200x150.jpg 200w\" sizes=\"auto, (max-width: 1600px) 100vw, 1600px\" \/><\/p>\n<div class=\"adL\"><\/div>\n<\/div>\n<\/div>\n<div id=\":oj\" class=\"hq gt a10\"><\/div>\n","protected":false},"excerpt":{"rendered":"<p>L\u2019alumnat de 4t de biologia i geologia i el de 1r de BAT de Ci\u00e8ncies de la terra i medi ambient ha realitzat un itinerari geol\u00f2gic per Tarragona per con\u00e8ixer millor la nostra ciutat i el litoral tarragon\u00ed des del punt de vista geol\u00f2gic, per&hellip;  <a href=\"https:\/\/agora.xtec.cat\/instarragona\/eso\/eso-4\/la-geologia-de-la-nostra-costa\/\" title=\"Read La geologia de la nostra costa\">Llegeix m\u00e9s\u00bb<\/a><\/p>\n","protected":false},"author":1,"featured_media":2328,"comment_status":"open","ping_status":"closed","sticky":false,"template":"","format":"standard","meta":{"_bbp_topic_count":0,"_bbp_reply_count":0,"_bbp_total_topic_count":0,"_bbp_total_reply_count":0,"_bbp_voice_count":0,"_bbp_anonymous_reply_count":0,"_bbp_topic_count_hidden":0,"_bbp_reply_count_hidden":0,"_bbp_forum_subforum_count":0,"footnotes":""},"categories":[8,7,29],"tags":[116],"class_list":["post-2326","post","type-post","status-publish","format-standard","has-post-thumbnail","hentry","category-batxillerat","category-eso-4","category-portada","tag-ciencies"],"post_mailing_queue_ids":[],"_links":{"self":[{"href":"https:\/\/agora.xtec.cat\/instarragona\/wp-json\/wp\/v2\/posts\/2326","targetHints":{"allow":["GET"]}}],"collection":[{"href":"https:\/\/agora.xtec.cat\/instarragona\/wp-json\/wp\/v2\/posts"}],"about":[{"href":"https:\/\/agora.xtec.cat\/instarragona\/wp-json\/wp\/v2\/types\/post"}],"author":[{"embeddable":true,"href":"https:\/\/agora.xtec.cat\/instarragona\/wp-json\/wp\/v2\/users\/1"}],"replies":[{"embeddable":true,"href":"https:\/\/agora.xtec.cat\/instarragona\/wp-json\/wp\/v2\/comments?post=2326"}],"version-history":[{"count":1,"href":"https:\/\/agora.xtec.cat\/instarragona\/wp-json\/wp\/v2\/posts\/2326\/revisions"}],"predecessor-version":[{"id":2329,"href":"https:\/\/agora.xtec.cat\/instarragona\/wp-json\/wp\/v2\/posts\/2326\/revisions\/2329"}],"wp:featuredmedia":[{"embeddable":true,"href":"https:\/\/agora.xtec.cat\/instarragona\/wp-json\/wp\/v2\/media\/2328"}],"wp:attachment":[{"href":"https:\/\/agora.xtec.cat\/instarragona\/wp-json\/wp\/v2\/media?parent=2326"}],"wp:term":[{"taxonomy":"category","embeddable":true,"href":"https:\/\/agora.xtec.cat\/instarragona\/wp-json\/wp\/v2\/categories?post=2326"},{"taxonomy":"post_tag","embeddable":true,"href":"https:\/\/agora.xtec.cat\/instarragona\/wp-json\/wp\/v2\/tags?post=2326"}],"curies":[{"name":"wp","href":"https:\/\/api.w.org\/{rel}","templated":true}]}}