{"id":2312,"date":"2021-04-23T08:35:17","date_gmt":"2021-04-23T06:35:17","guid":{"rendered":"http:\/\/agora.xtec.cat\/instarragona\/?p=2312"},"modified":"2021-04-27T08:42:09","modified_gmt":"2021-04-27T06:42:09","slug":"molt-bon-sant-jordi","status":"publish","type":"post","link":"https:\/\/agora.xtec.cat\/instarragona\/portada\/molt-bon-sant-jordi\/","title":{"rendered":"Molt bon Sant Jordi!"},"content":{"rendered":"<p>Nois, noies, professorat, fam\u00edlies&#8230; avui a l&#8217;institut s&#8217;hi cou alguna cosa important i \u00e9s que \u00e9s&#8230;<\/p>\n<h4><strong><span style=\"color: #008000;\">SANT JORDI<\/span><\/strong>\u00a0\ud83d\udc32\ud83c\udf39\ud83d\udcda<\/h4>\n<p>Preparats per la s\u00faper gala de l&#8217;entrega de premis? Tenim el decorat, tenim el gui\u00f3, tenim el p\u00fablic, tenim el muntatge t\u00e8cnic&#8230; ens falten els guanyadors!<\/p>\n<p>Anirem afegint les imatges en aquest mateix <a href=\"https:\/\/drive.google.com\/drive\/folders\/12M4AktSPgzFU3XrSpBQF5ApraiNmMo5M?usp=sharing\"><strong>\u00e0lbum<\/strong><\/a>, o b\u00e9 a instagram <strong><a href=\"https:\/\/www.instagram.com\/biblioinstgn\/?hl=es\"><span class=\"\">@biblioinstgn<\/span><\/a>. <\/strong>Ja hi podeu guaitar!<\/p>\n<p><img loading=\"lazy\" decoding=\"async\" class=\"aligncenter wp-image-2314\" src=\"https:\/\/agora.xtec.cat\/instarragona\/wp-content\/uploads\/usu484\/2021\/04\/Captura2.jpg\" alt=\"\" width=\"808\" height=\"611\" srcset=\"https:\/\/agora.xtec.cat\/instarragona\/wp-content\/uploads\/usu484\/2021\/04\/Captura2.jpg 1175w, https:\/\/agora.xtec.cat\/instarragona\/wp-content\/uploads\/usu484\/2021\/04\/Captura2-300x227.jpg 300w, https:\/\/agora.xtec.cat\/instarragona\/wp-content\/uploads\/usu484\/2021\/04\/Captura2-768x581.jpg 768w, https:\/\/agora.xtec.cat\/instarragona\/wp-content\/uploads\/usu484\/2021\/04\/Captura2-1024x775.jpg 1024w, https:\/\/agora.xtec.cat\/instarragona\/wp-content\/uploads\/usu484\/2021\/04\/Captura2-200x150.jpg 200w\" sizes=\"auto, (max-width: 808px) 100vw, 808px\" \/><\/p>\n<p>&nbsp;<\/p>\n<p><img loading=\"lazy\" decoding=\"async\" class=\"aligncenter wp-image-2315\" src=\"https:\/\/agora.xtec.cat\/instarragona\/wp-content\/uploads\/usu484\/2021\/04\/Captura-5.jpg\" alt=\"\" width=\"458\" height=\"618\" srcset=\"https:\/\/agora.xtec.cat\/instarragona\/wp-content\/uploads\/usu484\/2021\/04\/Captura-5.jpg 585w, https:\/\/agora.xtec.cat\/instarragona\/wp-content\/uploads\/usu484\/2021\/04\/Captura-5-222x300.jpg 222w\" sizes=\"auto, (max-width: 458px) 100vw, 458px\" \/><\/p>\n","protected":false},"excerpt":{"rendered":"<p>Nois, noies, professorat, fam\u00edlies&#8230; avui a l&#8217;institut s&#8217;hi cou alguna cosa important i \u00e9s que \u00e9s&#8230;<br \/>\nSANT JORDI\u00a0\ud83d\udc32\ud83c\udf39\ud83d\udcda<br \/>\nPreparats per la s\u00faper gala de l&#8217;entrega de premis? Tenim el decorat, tenim el gui\u00f3, tenim el p\u00fablic, tenim el muntatge t\u00e8cnic&#8230; ens falten els guanyadors!<br \/>\nAnirem afegint les imatges&hellip;  <a href=\"https:\/\/agora.xtec.cat\/instarragona\/portada\/molt-bon-sant-jordi\/\" title=\"Read Molt bon Sant Jordi!\">Llegeix m\u00e9s\u00bb<\/a><\/p>\n","protected":false},"author":1,"featured_media":2315,"comment_status":"open","ping_status":"closed","sticky":false,"template":"","format":"standard","meta":{"_bbp_topic_count":0,"_bbp_reply_count":0,"_bbp_total_topic_count":0,"_bbp_total_reply_count":0,"_bbp_voice_count":0,"_bbp_anonymous_reply_count":0,"_bbp_topic_count_hidden":0,"_bbp_reply_count_hidden":0,"_bbp_forum_subforum_count":0,"footnotes":""},"categories":[29],"tags":[107,97,137],"class_list":["post-2312","post","type-post","status-publish","format-standard","has-post-thumbnail","hentry","category-portada","tag-biblioteca","tag-festes-i-activitats","tag-llengues"],"post_mailing_queue_ids":[],"_links":{"self":[{"href":"https:\/\/agora.xtec.cat\/instarragona\/wp-json\/wp\/v2\/posts\/2312","targetHints":{"allow":["GET"]}}],"collection":[{"href":"https:\/\/agora.xtec.cat\/instarragona\/wp-json\/wp\/v2\/posts"}],"about":[{"href":"https:\/\/agora.xtec.cat\/instarragona\/wp-json\/wp\/v2\/types\/post"}],"author":[{"embeddable":true,"href":"https:\/\/agora.xtec.cat\/instarragona\/wp-json\/wp\/v2\/users\/1"}],"replies":[{"embeddable":true,"href":"https:\/\/agora.xtec.cat\/instarragona\/wp-json\/wp\/v2\/comments?post=2312"}],"version-history":[{"count":3,"href":"https:\/\/agora.xtec.cat\/instarragona\/wp-json\/wp\/v2\/posts\/2312\/revisions"}],"predecessor-version":[{"id":2318,"href":"https:\/\/agora.xtec.cat\/instarragona\/wp-json\/wp\/v2\/posts\/2312\/revisions\/2318"}],"wp:featuredmedia":[{"embeddable":true,"href":"https:\/\/agora.xtec.cat\/instarragona\/wp-json\/wp\/v2\/media\/2315"}],"wp:attachment":[{"href":"https:\/\/agora.xtec.cat\/instarragona\/wp-json\/wp\/v2\/media?parent=2312"}],"wp:term":[{"taxonomy":"category","embeddable":true,"href":"https:\/\/agora.xtec.cat\/instarragona\/wp-json\/wp\/v2\/categories?post=2312"},{"taxonomy":"post_tag","embeddable":true,"href":"https:\/\/agora.xtec.cat\/instarragona\/wp-json\/wp\/v2\/tags?post=2312"}],"curies":[{"name":"wp","href":"https:\/\/api.w.org\/{rel}","templated":true}]}}