{"id":2273,"date":"2021-04-15T10:27:46","date_gmt":"2021-04-15T08:27:46","guid":{"rendered":"http:\/\/agora.xtec.cat\/instarragona\/?p=2273"},"modified":"2021-04-15T10:30:53","modified_gmt":"2021-04-15T08:30:53","slug":"quin-conte-expliques","status":"publish","type":"post","link":"https:\/\/agora.xtec.cat\/instarragona\/portada\/quin-conte-expliques\/","title":{"rendered":"Quin conte expliques?"},"content":{"rendered":"<p>Us convidem a passar pel passad\u00eds del Departament d&#8217;orientaci\u00f3 i llegir la hist\u00f2ria de la Ventafocs.<\/p>\n<p>Un projecte realitzat pels alumnes de la <strong><a href=\"https:\/\/drive.google.com\/drive\/folders\/1oN-iVNntlVtcfufpzBPw7H-KjLTJxiBv?usp=sharing\">SIEI<\/a>&#8230; Reinventant els contes tradicionals<\/strong>!!!<\/p>\n<p><img loading=\"lazy\" decoding=\"async\" class=\"aligncenter wp-image-2274\" src=\"https:\/\/agora.xtec.cat\/instarragona\/wp-content\/uploads\/usu484\/2021\/04\/IMG-20210324-WA0006-300x225.jpg\" alt=\"\" width=\"357\" height=\"268\" srcset=\"https:\/\/agora.xtec.cat\/instarragona\/wp-content\/uploads\/usu484\/2021\/04\/IMG-20210324-WA0006-300x225.jpg 300w, https:\/\/agora.xtec.cat\/instarragona\/wp-content\/uploads\/usu484\/2021\/04\/IMG-20210324-WA0006-768x576.jpg 768w, https:\/\/agora.xtec.cat\/instarragona\/wp-content\/uploads\/usu484\/2021\/04\/IMG-20210324-WA0006-1024x768.jpg 1024w, https:\/\/agora.xtec.cat\/instarragona\/wp-content\/uploads\/usu484\/2021\/04\/IMG-20210324-WA0006-200x150.jpg 200w, https:\/\/agora.xtec.cat\/instarragona\/wp-content\/uploads\/usu484\/2021\/04\/IMG-20210324-WA0006.jpg 1600w\" sizes=\"auto, (max-width: 357px) 100vw, 357px\" \/><\/p>\n<p>&nbsp;<\/p>\n","protected":false},"excerpt":{"rendered":"<p>Us convidem a passar pel passad\u00eds del Departament d&#8217;orientaci\u00f3 i llegir la hist\u00f2ria de la Ventafocs.<br \/>\nUn projecte realitzat pels alumnes de la <a href=\"https:\/\/drive.google.com\/drive\/folders\/1oN-iVNntlVtcfufpzBPw7H-KjLTJxiBv?usp=sharing\">SIEI<\/a>&#8230; Reinventant els contes tradicionals!!!<\/p>\n<p>&nbsp;<\/p>\n","protected":false},"author":1,"featured_media":0,"comment_status":"open","ping_status":"closed","sticky":false,"template":"","format":"standard","meta":{"_bbp_topic_count":0,"_bbp_reply_count":0,"_bbp_total_topic_count":0,"_bbp_total_reply_count":0,"_bbp_voice_count":0,"_bbp_anonymous_reply_count":0,"_bbp_topic_count_hidden":0,"_bbp_reply_count_hidden":0,"_bbp_forum_subforum_count":0,"footnotes":""},"categories":[29],"tags":[122],"class_list":["post-2273","post","type-post","status-publish","format-standard","hentry","category-portada","tag-siei"],"post_mailing_queue_ids":[],"_links":{"self":[{"href":"https:\/\/agora.xtec.cat\/instarragona\/wp-json\/wp\/v2\/posts\/2273","targetHints":{"allow":["GET"]}}],"collection":[{"href":"https:\/\/agora.xtec.cat\/instarragona\/wp-json\/wp\/v2\/posts"}],"about":[{"href":"https:\/\/agora.xtec.cat\/instarragona\/wp-json\/wp\/v2\/types\/post"}],"author":[{"embeddable":true,"href":"https:\/\/agora.xtec.cat\/instarragona\/wp-json\/wp\/v2\/users\/1"}],"replies":[{"embeddable":true,"href":"https:\/\/agora.xtec.cat\/instarragona\/wp-json\/wp\/v2\/comments?post=2273"}],"version-history":[{"count":3,"href":"https:\/\/agora.xtec.cat\/instarragona\/wp-json\/wp\/v2\/posts\/2273\/revisions"}],"predecessor-version":[{"id":2277,"href":"https:\/\/agora.xtec.cat\/instarragona\/wp-json\/wp\/v2\/posts\/2273\/revisions\/2277"}],"wp:attachment":[{"href":"https:\/\/agora.xtec.cat\/instarragona\/wp-json\/wp\/v2\/media?parent=2273"}],"wp:term":[{"taxonomy":"category","embeddable":true,"href":"https:\/\/agora.xtec.cat\/instarragona\/wp-json\/wp\/v2\/categories?post=2273"},{"taxonomy":"post_tag","embeddable":true,"href":"https:\/\/agora.xtec.cat\/instarragona\/wp-json\/wp\/v2\/tags?post=2273"}],"curies":[{"name":"wp","href":"https:\/\/api.w.org\/{rel}","templated":true}]}}