{"id":2242,"date":"2021-03-26T08:40:56","date_gmt":"2021-03-26T07:40:56","guid":{"rendered":"http:\/\/agora.xtec.cat\/instarragona\/?p=2242"},"modified":"2021-03-26T08:42:40","modified_gmt":"2021-03-26T07:42:40","slug":"dia-mundial-de-la-poesia-2","status":"publish","type":"post","link":"https:\/\/agora.xtec.cat\/instarragona\/general\/dia-mundial-de-la-poesia-2\/","title":{"rendered":"Dia mundial de la poesia"},"content":{"rendered":"<p id=\"tw-target-text\" class=\"tw-data-text tw-text-large XcVN5d tw-ta\" dir=\"ltr\" data-placeholder=\"Traducci\u00f3n\"><span lang=\"ca\">&#8220;La UNESCO va adoptar per primera vegada el 21 de mar\u00e7 com a Dia Mundial de la Poesia amb l&#8217;objectiu de donar suport a la diversitat ling\u00fc\u00edstica a trav\u00e9s de l&#8217;expressi\u00f3 po\u00e8tica i fomentar la visualitzaci\u00f3 d&#8217;aquelles lleng\u00fces que es troben en perill. La poesia, practicada al llarg de la hist\u00f2ria en totes les cultures i en tots els continents, parla de la nostra humanitat comuna i dels nostres valors compartits, transformant el poema m\u00e9s simple en un poder\u00f3s catalitzador de el di\u00e0leg i la pau. <\/span><\/p>\n<p class=\"tw-data-text tw-text-large XcVN5d tw-ta\" dir=\"ltr\" data-placeholder=\"Traducci\u00f3n\"><span lang=\"ca\">El Dia Mundial de la Poesia \u00e9s una ocasi\u00f3 per honrar els poetes, reviure tradicions orals de recitals de poesia, promoure la lectura, l&#8217;escriptura i l&#8217;ensenyament de la poesia, fomentar la converg\u00e8ncia entre la poesia i altres arts com el teatre, la dansa, la m\u00fasica i la pintura, i augmentar la visibilitat de poesia en els mitjans. A mesura que la poesia continua unint persones en tots els continents, tots estan convidats a unir-se&#8221;.<\/span><\/p>\n<p class=\"tw-data-text tw-text-large XcVN5d tw-ta\" dir=\"ltr\" style=\"text-align: right;\" data-placeholder=\"Traducci\u00f3n\"><a href=\"https:\/\/es.unesco.org\/commemorations\/worldpoetryday\">UNESCO<\/a><\/p>\n<p>A l&#8217;institut tamb\u00e9 l&#8217;<a href=\"https:\/\/drive.google.com\/drive\/folders\/1-C6amy-a2LTdzhx3jYjyehzo9eYDThLL?usp=sharing\">hem celebrat<\/a>. Agrair a tot el professorat de lleng\u00fces, a l&#8217;alumnat i a la coordinaci\u00f3 de la biblioteca la seva implicaci\u00f3.<\/p>\n<p><img loading=\"lazy\" decoding=\"async\" class=\"aligncenter wp-image-2243\" src=\"https:\/\/agora.xtec.cat\/instarragona\/wp-content\/uploads\/usu484\/2021\/03\/PHOTO-2021-03-23-09-17-53-225x300.jpg\" alt=\"\" width=\"272\" height=\"363\" srcset=\"https:\/\/agora.xtec.cat\/instarragona\/wp-content\/uploads\/usu484\/2021\/03\/PHOTO-2021-03-23-09-17-53-225x300.jpg 225w, https:\/\/agora.xtec.cat\/instarragona\/wp-content\/uploads\/usu484\/2021\/03\/PHOTO-2021-03-23-09-17-53-768x1024.jpg 768w, https:\/\/agora.xtec.cat\/instarragona\/wp-content\/uploads\/usu484\/2021\/03\/PHOTO-2021-03-23-09-17-53.jpg 1536w\" sizes=\"auto, (max-width: 272px) 100vw, 272px\" \/><\/p>\n<p>&nbsp;<\/p>\n<p><img loading=\"lazy\" decoding=\"async\" class=\"aligncenter wp-image-2244\" src=\"https:\/\/agora.xtec.cat\/instarragona\/wp-content\/uploads\/usu484\/2021\/03\/PHOTO-2021-03-23-09-17-56-225x300.jpg\" alt=\"\" width=\"278\" height=\"371\" srcset=\"https:\/\/agora.xtec.cat\/instarragona\/wp-content\/uploads\/usu484\/2021\/03\/PHOTO-2021-03-23-09-17-56-225x300.jpg 225w, https:\/\/agora.xtec.cat\/instarragona\/wp-content\/uploads\/usu484\/2021\/03\/PHOTO-2021-03-23-09-17-56-768x1024.jpg 768w, https:\/\/agora.xtec.cat\/instarragona\/wp-content\/uploads\/usu484\/2021\/03\/PHOTO-2021-03-23-09-17-56.jpg 1536w\" sizes=\"auto, (max-width: 278px) 100vw, 278px\" \/><\/p>\n<p>&nbsp;<\/p>\n","protected":false},"excerpt":{"rendered":"<p>&#8220;La UNESCO va adoptar per primera vegada el 21 de mar\u00e7 com a Dia Mundial de la Poesia amb l&#8217;objectiu de donar suport a la diversitat ling\u00fc\u00edstica a trav\u00e9s de l&#8217;expressi\u00f3 po\u00e8tica i fomentar la visualitzaci\u00f3 d&#8217;aquelles lleng\u00fces que es troben en perill. La poesia,&hellip;  <a href=\"https:\/\/agora.xtec.cat\/instarragona\/general\/dia-mundial-de-la-poesia-2\/\" title=\"Read Dia mundial de la poesia\">Llegeix m\u00e9s\u00bb<\/a><\/p>\n","protected":false},"author":1,"featured_media":2246,"comment_status":"open","ping_status":"closed","sticky":false,"template":"","format":"standard","meta":{"_bbp_topic_count":0,"_bbp_reply_count":0,"_bbp_total_topic_count":0,"_bbp_total_reply_count":0,"_bbp_voice_count":0,"_bbp_anonymous_reply_count":0,"_bbp_topic_count_hidden":0,"_bbp_reply_count_hidden":0,"_bbp_forum_subforum_count":0,"footnotes":""},"categories":[1,29],"tags":[107,134,119],"class_list":["post-2242","post","type-post","status-publish","format-standard","has-post-thumbnail","hentry","category-general","category-portada","tag-biblioteca","tag-castella","tag-catala"],"post_mailing_queue_ids":[],"_links":{"self":[{"href":"https:\/\/agora.xtec.cat\/instarragona\/wp-json\/wp\/v2\/posts\/2242","targetHints":{"allow":["GET"]}}],"collection":[{"href":"https:\/\/agora.xtec.cat\/instarragona\/wp-json\/wp\/v2\/posts"}],"about":[{"href":"https:\/\/agora.xtec.cat\/instarragona\/wp-json\/wp\/v2\/types\/post"}],"author":[{"embeddable":true,"href":"https:\/\/agora.xtec.cat\/instarragona\/wp-json\/wp\/v2\/users\/1"}],"replies":[{"embeddable":true,"href":"https:\/\/agora.xtec.cat\/instarragona\/wp-json\/wp\/v2\/comments?post=2242"}],"version-history":[{"count":2,"href":"https:\/\/agora.xtec.cat\/instarragona\/wp-json\/wp\/v2\/posts\/2242\/revisions"}],"predecessor-version":[{"id":2247,"href":"https:\/\/agora.xtec.cat\/instarragona\/wp-json\/wp\/v2\/posts\/2242\/revisions\/2247"}],"wp:featuredmedia":[{"embeddable":true,"href":"https:\/\/agora.xtec.cat\/instarragona\/wp-json\/wp\/v2\/media\/2246"}],"wp:attachment":[{"href":"https:\/\/agora.xtec.cat\/instarragona\/wp-json\/wp\/v2\/media?parent=2242"}],"wp:term":[{"taxonomy":"category","embeddable":true,"href":"https:\/\/agora.xtec.cat\/instarragona\/wp-json\/wp\/v2\/categories?post=2242"},{"taxonomy":"post_tag","embeddable":true,"href":"https:\/\/agora.xtec.cat\/instarragona\/wp-json\/wp\/v2\/tags?post=2242"}],"curies":[{"name":"wp","href":"https:\/\/api.w.org\/{rel}","templated":true}]}}