{"id":2237,"date":"2021-03-22T10:55:31","date_gmt":"2021-03-22T09:55:31","guid":{"rendered":"http:\/\/agora.xtec.cat\/instarragona\/?p=2237"},"modified":"2021-03-22T10:55:31","modified_gmt":"2021-03-22T09:55:31","slug":"olimpiades-de-geologia","status":"publish","type":"post","link":"https:\/\/agora.xtec.cat\/instarragona\/portada\/olimpiades-de-geologia\/","title":{"rendered":"Olimp\u00edades de geologia"},"content":{"rendered":"<p>L\u2019alumnat de 1r de batxillerat ha viscut la 12a olimp\u00edada de geologia, on l\u2019alumnat de tota Catalunya ha aplicat coneixements de l\u2019assignatura de ci\u00e8ncies de la terra a diversos problemes te\u00f2rics i pr\u00e0ctics. A m\u00e9s, han pogut con\u00e8ixer estudis i sortides professionals. Tanmateix, han pogut fer preguntes a especialistes de diversos camps de geologia. Des del centre felicitem a l\u2019alumnat per participar-hi i pel seu esfor\u00e7 i dedicaci\u00f3. Els animem a tornar a la propera edici\u00f3 l\u2019any que ve!<\/p>\n<p><img loading=\"lazy\" decoding=\"async\" class=\"wp-image-2235 aligncenter\" src=\"https:\/\/agora.xtec.cat\/instarragona\/wp-content\/uploads\/usu484\/2021\/03\/Captura-2-300x193.png\" alt=\"\" width=\"364\" height=\"234\" srcset=\"https:\/\/agora.xtec.cat\/instarragona\/wp-content\/uploads\/usu484\/2021\/03\/Captura-2-300x193.png 300w, https:\/\/agora.xtec.cat\/instarragona\/wp-content\/uploads\/usu484\/2021\/03\/Captura-2-768x494.png 768w, https:\/\/agora.xtec.cat\/instarragona\/wp-content\/uploads\/usu484\/2021\/03\/Captura-2-1024x659.png 1024w, https:\/\/agora.xtec.cat\/instarragona\/wp-content\/uploads\/usu484\/2021\/03\/Captura-2.png 1108w\" sizes=\"auto, (max-width: 364px) 100vw, 364px\" \/><\/p>\n","protected":false},"excerpt":{"rendered":"<p>L\u2019alumnat de 1r de batxillerat ha viscut la 12a olimp\u00edada de geologia, on l\u2019alumnat de tota Catalunya ha aplicat coneixements de l\u2019assignatura de ci\u00e8ncies de la terra a diversos problemes te\u00f2rics i pr\u00e0ctics. A m\u00e9s, han pogut con\u00e8ixer estudis i sortides professionals. Tanmateix, han pogut&hellip;  <a href=\"https:\/\/agora.xtec.cat\/instarragona\/portada\/olimpiades-de-geologia\/\" title=\"Read Olimp\u00edades de geologia\">Llegeix m\u00e9s\u00bb<\/a><\/p>\n","protected":false},"author":1,"featured_media":2235,"comment_status":"open","ping_status":"closed","sticky":false,"template":"","format":"standard","meta":{"_bbp_topic_count":0,"_bbp_reply_count":0,"_bbp_total_topic_count":0,"_bbp_total_reply_count":0,"_bbp_voice_count":0,"_bbp_anonymous_reply_count":0,"_bbp_topic_count_hidden":0,"_bbp_reply_count_hidden":0,"_bbp_forum_subforum_count":0,"footnotes":""},"categories":[29],"tags":[116],"class_list":["post-2237","post","type-post","status-publish","format-standard","has-post-thumbnail","hentry","category-portada","tag-ciencies"],"post_mailing_queue_ids":[],"_links":{"self":[{"href":"https:\/\/agora.xtec.cat\/instarragona\/wp-json\/wp\/v2\/posts\/2237","targetHints":{"allow":["GET"]}}],"collection":[{"href":"https:\/\/agora.xtec.cat\/instarragona\/wp-json\/wp\/v2\/posts"}],"about":[{"href":"https:\/\/agora.xtec.cat\/instarragona\/wp-json\/wp\/v2\/types\/post"}],"author":[{"embeddable":true,"href":"https:\/\/agora.xtec.cat\/instarragona\/wp-json\/wp\/v2\/users\/1"}],"replies":[{"embeddable":true,"href":"https:\/\/agora.xtec.cat\/instarragona\/wp-json\/wp\/v2\/comments?post=2237"}],"version-history":[{"count":1,"href":"https:\/\/agora.xtec.cat\/instarragona\/wp-json\/wp\/v2\/posts\/2237\/revisions"}],"predecessor-version":[{"id":2238,"href":"https:\/\/agora.xtec.cat\/instarragona\/wp-json\/wp\/v2\/posts\/2237\/revisions\/2238"}],"wp:featuredmedia":[{"embeddable":true,"href":"https:\/\/agora.xtec.cat\/instarragona\/wp-json\/wp\/v2\/media\/2235"}],"wp:attachment":[{"href":"https:\/\/agora.xtec.cat\/instarragona\/wp-json\/wp\/v2\/media?parent=2237"}],"wp:term":[{"taxonomy":"category","embeddable":true,"href":"https:\/\/agora.xtec.cat\/instarragona\/wp-json\/wp\/v2\/categories?post=2237"},{"taxonomy":"post_tag","embeddable":true,"href":"https:\/\/agora.xtec.cat\/instarragona\/wp-json\/wp\/v2\/tags?post=2237"}],"curies":[{"name":"wp","href":"https:\/\/api.w.org\/{rel}","templated":true}]}}