{"id":2234,"date":"2021-03-26T08:26:41","date_gmt":"2021-03-26T07:26:41","guid":{"rendered":"http:\/\/agora.xtec.cat\/instarragona\/?p=2234"},"modified":"2021-03-26T08:28:01","modified_gmt":"2021-03-26T07:28:01","slug":"olimpiades-de-geografia","status":"publish","type":"post","link":"https:\/\/agora.xtec.cat\/instarragona\/general\/olimpiades-de-geografia\/","title":{"rendered":"Olimp\u00edades de geografia"},"content":{"rendered":"<p>La Facultat de Turisme i Geografia, el Departament de Geografia, el Col\u00b7legi de Ge\u00f2grafs a Catalunya i el Grup de Treball de Geografia de l&#8217;Institut de Ci\u00e8ncies d&#8217;Educaci\u00f3 de la URV organitzen les Olimp\u00edades de Geografia a Tarragona. Aquestes tenen com a objectiu essencial premiar els alumnes que demostrin un millor coneixement dels continguts de la mat\u00e8ria de Geografia de Batxillerat. L&#8217;objectiu final \u00e9s promoure l&#8217;inter\u00e8s pels estudis de geografia i apropar la universitat als centres de secund\u00e0ria.<\/p>\n<p>Aquest anys han participat 80 alumnes de 14 centres diferents. Per raons de c\u00f2vid aquesta edici\u00f3 s&#8217;ha fet online.<\/p>\n<p>Moltes felicitats als nostres 7 alumnes de batxillerat que hi <a href=\"https:\/\/drive.google.com\/drive\/folders\/14o1OiQpjgTLLUwglbCcqyQjqQ0Z9ifTy?usp=sharing\">han participat<\/a> i que tot i no guanyar han aconseguit un meritori 4t lloc!<\/p>\n<p><img loading=\"lazy\" decoding=\"async\" class=\"aligncenter wp-image-2239\" src=\"https:\/\/agora.xtec.cat\/instarragona\/wp-content\/uploads\/usu484\/2021\/03\/IMG20210323100720-300x135.jpg\" alt=\"\" width=\"487\" height=\"219\" srcset=\"https:\/\/agora.xtec.cat\/instarragona\/wp-content\/uploads\/usu484\/2021\/03\/IMG20210323100720-300x135.jpg 300w, https:\/\/agora.xtec.cat\/instarragona\/wp-content\/uploads\/usu484\/2021\/03\/IMG20210323100720-768x346.jpg 768w, https:\/\/agora.xtec.cat\/instarragona\/wp-content\/uploads\/usu484\/2021\/03\/IMG20210323100720-1024x461.jpg 1024w\" sizes=\"auto, (max-width: 487px) 100vw, 487px\" \/><\/p>\n<p>&nbsp;<\/p>\n","protected":false},"excerpt":{"rendered":"<p>La Facultat de Turisme i Geografia, el Departament de Geografia, el Col\u00b7legi de Ge\u00f2grafs a Catalunya i el Grup de Treball de Geografia de l&#8217;Institut de Ci\u00e8ncies d&#8217;Educaci\u00f3 de la URV organitzen les Olimp\u00edades de Geografia a Tarragona. Aquestes tenen com a objectiu essencial premiar&hellip;  <a href=\"https:\/\/agora.xtec.cat\/instarragona\/general\/olimpiades-de-geografia\/\" title=\"Read Olimp\u00edades de geografia\">Llegeix m\u00e9s\u00bb<\/a><\/p>\n","protected":false},"author":1,"featured_media":2239,"comment_status":"open","ping_status":"closed","sticky":false,"template":"","format":"standard","meta":{"_bbp_topic_count":0,"_bbp_reply_count":0,"_bbp_total_topic_count":0,"_bbp_total_reply_count":0,"_bbp_voice_count":0,"_bbp_anonymous_reply_count":0,"_bbp_topic_count_hidden":0,"_bbp_reply_count_hidden":0,"_bbp_forum_subforum_count":0,"footnotes":""},"categories":[1,29],"tags":[133],"class_list":["post-2234","post","type-post","status-publish","format-standard","has-post-thumbnail","hentry","category-general","category-portada","tag-geografia-i-historia"],"post_mailing_queue_ids":[],"_links":{"self":[{"href":"https:\/\/agora.xtec.cat\/instarragona\/wp-json\/wp\/v2\/posts\/2234","targetHints":{"allow":["GET"]}}],"collection":[{"href":"https:\/\/agora.xtec.cat\/instarragona\/wp-json\/wp\/v2\/posts"}],"about":[{"href":"https:\/\/agora.xtec.cat\/instarragona\/wp-json\/wp\/v2\/types\/post"}],"author":[{"embeddable":true,"href":"https:\/\/agora.xtec.cat\/instarragona\/wp-json\/wp\/v2\/users\/1"}],"replies":[{"embeddable":true,"href":"https:\/\/agora.xtec.cat\/instarragona\/wp-json\/wp\/v2\/comments?post=2234"}],"version-history":[{"count":3,"href":"https:\/\/agora.xtec.cat\/instarragona\/wp-json\/wp\/v2\/posts\/2234\/revisions"}],"predecessor-version":[{"id":2241,"href":"https:\/\/agora.xtec.cat\/instarragona\/wp-json\/wp\/v2\/posts\/2234\/revisions\/2241"}],"wp:featuredmedia":[{"embeddable":true,"href":"https:\/\/agora.xtec.cat\/instarragona\/wp-json\/wp\/v2\/media\/2239"}],"wp:attachment":[{"href":"https:\/\/agora.xtec.cat\/instarragona\/wp-json\/wp\/v2\/media?parent=2234"}],"wp:term":[{"taxonomy":"category","embeddable":true,"href":"https:\/\/agora.xtec.cat\/instarragona\/wp-json\/wp\/v2\/categories?post=2234"},{"taxonomy":"post_tag","embeddable":true,"href":"https:\/\/agora.xtec.cat\/instarragona\/wp-json\/wp\/v2\/tags?post=2234"}],"curies":[{"name":"wp","href":"https:\/\/api.w.org\/{rel}","templated":true}]}}