{"id":2231,"date":"2021-03-22T10:45:21","date_gmt":"2021-03-22T09:45:21","guid":{"rendered":"http:\/\/agora.xtec.cat\/instarragona\/?p=2231"},"modified":"2021-03-22T10:45:21","modified_gmt":"2021-03-22T09:45:21","slug":"educacio-financera-a-4t","status":"publish","type":"post","link":"https:\/\/agora.xtec.cat\/instarragona\/portada\/educacio-financera-a-4t\/","title":{"rendered":"Educaci\u00f3 Financera a 4t"},"content":{"rendered":"<p>Durant aquest segon trimestre els alumnes de 4t de la ESO que fan la modalitat d&#8217;economia han participat d&#8217;unes xerrades organitzades per EFEC (Educaci\u00f3 financera a les Escoles de Catalunya). Aquestes xerrades s\u00f3n dutes a termes per persones volunt\u00e0ries que han estat vinculades amb el m\u00f3n financer.<\/p>\n<p>Xerrades en les quals els alumnes poden participar activament i es tracten temes d&#8217;economia dom\u00e8stica, molt presents en el dia a dia dels alumnes, tan en l&#8217;\u00e0mbit familiar com en l&#8217;entorn de la Societat.<\/p>\n<p><img loading=\"lazy\" decoding=\"async\" class=\"aligncenter  wp-image-2232\" src=\"https:\/\/agora.xtec.cat\/instarragona\/wp-content\/uploads\/usu484\/2021\/03\/Captura-1-300x186.png\" alt=\"\" width=\"424\" height=\"263\" srcset=\"https:\/\/agora.xtec.cat\/instarragona\/wp-content\/uploads\/usu484\/2021\/03\/Captura-1-300x186.png 300w, https:\/\/agora.xtec.cat\/instarragona\/wp-content\/uploads\/usu484\/2021\/03\/Captura-1-768x477.png 768w, https:\/\/agora.xtec.cat\/instarragona\/wp-content\/uploads\/usu484\/2021\/03\/Captura-1-1024x636.png 1024w, https:\/\/agora.xtec.cat\/instarragona\/wp-content\/uploads\/usu484\/2021\/03\/Captura-1.png 1032w\" sizes=\"auto, (max-width: 424px) 100vw, 424px\" \/><\/p>\n","protected":false},"excerpt":{"rendered":"<p>Durant aquest segon trimestre els alumnes de 4t de la ESO que fan la modalitat d&#8217;economia han participat d&#8217;unes xerrades organitzades per EFEC (Educaci\u00f3 financera a les Escoles de Catalunya). Aquestes xerrades s\u00f3n dutes a termes per persones volunt\u00e0ries que han estat vinculades amb el&hellip;  <a href=\"https:\/\/agora.xtec.cat\/instarragona\/portada\/educacio-financera-a-4t\/\" title=\"Read Educaci\u00f3 Financera a 4t\">Llegeix m\u00e9s\u00bb<\/a><\/p>\n","protected":false},"author":1,"featured_media":2232,"comment_status":"open","ping_status":"closed","sticky":false,"template":"","format":"standard","meta":{"_bbp_topic_count":0,"_bbp_reply_count":0,"_bbp_total_topic_count":0,"_bbp_total_reply_count":0,"_bbp_voice_count":0,"_bbp_anonymous_reply_count":0,"_bbp_topic_count_hidden":0,"_bbp_reply_count_hidden":0,"_bbp_forum_subforum_count":0,"footnotes":""},"categories":[29],"tags":[123],"class_list":["post-2231","post","type-post","status-publish","format-standard","has-post-thumbnail","hentry","category-portada","tag-economia"],"post_mailing_queue_ids":[],"_links":{"self":[{"href":"https:\/\/agora.xtec.cat\/instarragona\/wp-json\/wp\/v2\/posts\/2231","targetHints":{"allow":["GET"]}}],"collection":[{"href":"https:\/\/agora.xtec.cat\/instarragona\/wp-json\/wp\/v2\/posts"}],"about":[{"href":"https:\/\/agora.xtec.cat\/instarragona\/wp-json\/wp\/v2\/types\/post"}],"author":[{"embeddable":true,"href":"https:\/\/agora.xtec.cat\/instarragona\/wp-json\/wp\/v2\/users\/1"}],"replies":[{"embeddable":true,"href":"https:\/\/agora.xtec.cat\/instarragona\/wp-json\/wp\/v2\/comments?post=2231"}],"version-history":[{"count":1,"href":"https:\/\/agora.xtec.cat\/instarragona\/wp-json\/wp\/v2\/posts\/2231\/revisions"}],"predecessor-version":[{"id":2233,"href":"https:\/\/agora.xtec.cat\/instarragona\/wp-json\/wp\/v2\/posts\/2231\/revisions\/2233"}],"wp:featuredmedia":[{"embeddable":true,"href":"https:\/\/agora.xtec.cat\/instarragona\/wp-json\/wp\/v2\/media\/2232"}],"wp:attachment":[{"href":"https:\/\/agora.xtec.cat\/instarragona\/wp-json\/wp\/v2\/media?parent=2231"}],"wp:term":[{"taxonomy":"category","embeddable":true,"href":"https:\/\/agora.xtec.cat\/instarragona\/wp-json\/wp\/v2\/categories?post=2231"},{"taxonomy":"post_tag","embeddable":true,"href":"https:\/\/agora.xtec.cat\/instarragona\/wp-json\/wp\/v2\/tags?post=2231"}],"curies":[{"name":"wp","href":"https:\/\/api.w.org\/{rel}","templated":true}]}}