{"id":2228,"date":"2021-03-22T10:40:32","date_gmt":"2021-03-22T09:40:32","guid":{"rendered":"http:\/\/agora.xtec.cat\/instarragona\/?p=2228"},"modified":"2021-03-22T10:40:32","modified_gmt":"2021-03-22T09:40:32","slug":"genere-i-joves","status":"publish","type":"post","link":"https:\/\/agora.xtec.cat\/instarragona\/portada\/genere-i-joves\/","title":{"rendered":"&#8216;G\u00e8nere i Joves&#8217;"},"content":{"rendered":"<p>Comencem la <span style=\"color: #cc99ff;\"><strong>Setmana de la Igualtat<\/strong><\/span> a l&#8217;institut Tarragona. Durant aquest dies els nostres alumnes, des de 1r fins a 3r d&#8217;ESO, treballaran per projectes la tem\u00e0tica relacionada amb la igualtat de g\u00e8nere.<\/p>\n<p>Com a refor\u00e7 a la idea ens agradaria fer ress\u00f2 del cicle de cinema que la Conselleria de Joventut i la URV estan portant a terme durant aquest dies. <span style=\"color: #cc99ff;\"><strong><em>G\u00e8nere i joves: en primer pla<\/em><\/strong><\/span> presenta els deu curtmetratges documentals que ha realitzat l\u2019alumnat de Comunicaci\u00f3 Audiovisual de la URV i que reflexionen a l&#8217;entorn de la joventut i la q\u00fcesti\u00f3 de g\u00e8nere. Si voleu m\u00e9s informaci\u00f3 cliqueu <a href=\"https:\/\/www.tarragona.cat\/la-ciutat\/noticies\/noticies-2021\/la-conselleria-de-joventut-i-la-urv-estrenen-el-cicle-de-cinema-documental-genere-i-joves\">aqu\u00ed<\/a> mateix.<\/p>\n<div class=\"gmail_default\">El cicle tamb\u00e9 es pot seguir in streaming: <a href=\"http:\/\/tarragonajove.org\/streaming\" target=\"_blank\" rel=\"noopener noreferrer\" data-saferedirecturl=\"https:\/\/www.google.com\/url?q=http:\/\/tarragonajove.org\/streaming&amp;source=gmail&amp;ust=1616491710521000&amp;usg=AFQjCNF-QxbReEIyqpxcUdGU2ECAN8phJQ\">tarragonajove.org\/streaming<\/a><\/div>\n<div><\/div>\n<div><img loading=\"lazy\" decoding=\"async\" class=\"aligncenter size-medium wp-image-2229\" src=\"https:\/\/agora.xtec.cat\/instarragona\/wp-content\/uploads\/usu484\/2021\/03\/Captura-212x300.png\" alt=\"\" width=\"212\" height=\"300\" srcset=\"https:\/\/agora.xtec.cat\/instarragona\/wp-content\/uploads\/usu484\/2021\/03\/Captura-212x300.png 212w, https:\/\/agora.xtec.cat\/instarragona\/wp-content\/uploads\/usu484\/2021\/03\/Captura.png 354w\" sizes=\"auto, (max-width: 212px) 100vw, 212px\" \/><\/div>\n","protected":false},"excerpt":{"rendered":"<p>Comencem la Setmana de la Igualtat a l&#8217;institut Tarragona. Durant aquest dies els nostres alumnes, des de 1r fins a 3r d&#8217;ESO, treballaran per projectes la tem\u00e0tica relacionada amb la igualtat de g\u00e8nere.<br \/>\nCom a refor\u00e7 a la idea ens agradaria fer ress\u00f2 del cicle de&hellip;  <a href=\"https:\/\/agora.xtec.cat\/instarragona\/portada\/genere-i-joves\/\" title=\"Read &#8216;G\u00e8nere i Joves&#8217;\">Llegeix m\u00e9s\u00bb<\/a><\/p>\n","protected":false},"author":1,"featured_media":2229,"comment_status":"open","ping_status":"closed","sticky":false,"template":"","format":"standard","meta":{"_bbp_topic_count":0,"_bbp_reply_count":0,"_bbp_total_topic_count":0,"_bbp_total_reply_count":0,"_bbp_voice_count":0,"_bbp_anonymous_reply_count":0,"_bbp_topic_count_hidden":0,"_bbp_reply_count_hidden":0,"_bbp_forum_subforum_count":0,"footnotes":""},"categories":[29,100],"tags":[],"class_list":["post-2228","post","type-post","status-publish","format-standard","has-post-thumbnail","hentry","category-portada","category-projectes"],"post_mailing_queue_ids":[],"_links":{"self":[{"href":"https:\/\/agora.xtec.cat\/instarragona\/wp-json\/wp\/v2\/posts\/2228","targetHints":{"allow":["GET"]}}],"collection":[{"href":"https:\/\/agora.xtec.cat\/instarragona\/wp-json\/wp\/v2\/posts"}],"about":[{"href":"https:\/\/agora.xtec.cat\/instarragona\/wp-json\/wp\/v2\/types\/post"}],"author":[{"embeddable":true,"href":"https:\/\/agora.xtec.cat\/instarragona\/wp-json\/wp\/v2\/users\/1"}],"replies":[{"embeddable":true,"href":"https:\/\/agora.xtec.cat\/instarragona\/wp-json\/wp\/v2\/comments?post=2228"}],"version-history":[{"count":1,"href":"https:\/\/agora.xtec.cat\/instarragona\/wp-json\/wp\/v2\/posts\/2228\/revisions"}],"predecessor-version":[{"id":2230,"href":"https:\/\/agora.xtec.cat\/instarragona\/wp-json\/wp\/v2\/posts\/2228\/revisions\/2230"}],"wp:featuredmedia":[{"embeddable":true,"href":"https:\/\/agora.xtec.cat\/instarragona\/wp-json\/wp\/v2\/media\/2229"}],"wp:attachment":[{"href":"https:\/\/agora.xtec.cat\/instarragona\/wp-json\/wp\/v2\/media?parent=2228"}],"wp:term":[{"taxonomy":"category","embeddable":true,"href":"https:\/\/agora.xtec.cat\/instarragona\/wp-json\/wp\/v2\/categories?post=2228"},{"taxonomy":"post_tag","embeddable":true,"href":"https:\/\/agora.xtec.cat\/instarragona\/wp-json\/wp\/v2\/tags?post=2228"}],"curies":[{"name":"wp","href":"https:\/\/api.w.org\/{rel}","templated":true}]}}