{"id":2219,"date":"2021-03-10T09:38:24","date_gmt":"2021-03-10T08:38:24","guid":{"rendered":"http:\/\/agora.xtec.cat\/instarragona\/?p=2219"},"modified":"2021-03-10T09:41:04","modified_gmt":"2021-03-10T08:41:04","slug":"reaccionem-ens-apropem-a-la-quimica","status":"publish","type":"post","link":"https:\/\/agora.xtec.cat\/instarragona\/portada\/reaccionem-ens-apropem-a-la-quimica\/","title":{"rendered":"Reaccionem? Ens apropem a la qu\u00edmica."},"content":{"rendered":"<div dir=\"ltr\">\n<p dir=\"auto\">L&#8217;alumnat de 4t de l&#8217;itinerari cient\u00edfic han treballat la part experimental del Projecte de Recerca, per altra banda els de 3r&#8230; no s&#8217;han estat de res, tampoc! <a href=\"https:\/\/drive.google.com\/drive\/folders\/1O7TPwzZq-cT6vg3Ixc93To7IvA_PeZ2I?usp=sharing\">Imatges aqu\u00ed.<\/a><\/p>\n<p dir=\"auto\">Per aprofundir en el m\u00f3n de les fant\u00e0stiques reaccions qu\u00edmiques han fet diferents experiments al laboratori i al pati de l&#8217;institut.<\/p>\n<p dir=\"auto\">Sabeu que hi ha una reacci\u00f3 que se l&#8217;anomena pasta de dents d&#8217;elefant? Doncs resulta que surt de la descomposici\u00f3 de l&#8217;aigua oxigenada amb un catalitzador. Molt vist\u00f3s i conegut al m\u00f3n youtuber! Tamb\u00e9 hem propulsat un coet amb etanol aprofitant la reacci\u00f3 de combusti\u00f3 i hem fet indicadors de pH amb materials tan casolans com l&#8217;aigua de bullir col llombarda, comprovant aix\u00ed la reacci\u00f3 de neutralitzaci\u00f3.\u00a0 Per \u00faltim, hem vist l&#8217;oxidaci\u00f3 en medi aqu\u00f3s d&#8217;uns claus de taller en diferents condicions per veure les reaccions de s\u00edntesi i redox.<\/p>\n<p dir=\"auto\"><img loading=\"lazy\" decoding=\"async\" class=\"wp-image-2220 alignright\" src=\"https:\/\/agora.xtec.cat\/instarragona\/wp-content\/uploads\/usu484\/2021\/03\/IMG-20210308-WA0011-1-768x1024.jpg\" alt=\"\" width=\"335\" height=\"447\" srcset=\"https:\/\/agora.xtec.cat\/instarragona\/wp-content\/uploads\/usu484\/2021\/03\/IMG-20210308-WA0011-1.jpg 768w, https:\/\/agora.xtec.cat\/instarragona\/wp-content\/uploads\/usu484\/2021\/03\/IMG-20210308-WA0011-1-225x300.jpg 225w\" sizes=\"auto, (max-width: 335px) 100vw, 335px\" \/><img loading=\"lazy\" decoding=\"async\" class=\" wp-image-2222 alignleft\" src=\"https:\/\/agora.xtec.cat\/instarragona\/wp-content\/uploads\/usu484\/2021\/03\/IMG_20210304_122336-1-300x188.jpg\" alt=\"\" width=\"381\" height=\"239\" srcset=\"https:\/\/agora.xtec.cat\/instarragona\/wp-content\/uploads\/usu484\/2021\/03\/IMG_20210304_122336-1-300x188.jpg 300w, https:\/\/agora.xtec.cat\/instarragona\/wp-content\/uploads\/usu484\/2021\/03\/IMG_20210304_122336-1-768x481.jpg 768w, https:\/\/agora.xtec.cat\/instarragona\/wp-content\/uploads\/usu484\/2021\/03\/IMG_20210304_122336-1-1024x641.jpg 1024w, https:\/\/agora.xtec.cat\/instarragona\/wp-content\/uploads\/usu484\/2021\/03\/IMG_20210304_122336-1.jpg 1223w\" sizes=\"auto, (max-width: 381px) 100vw, 381px\" \/><\/p>\n<p dir=\"auto\">Si en voleu m\u00e9s detalls, podeu investigar pel vostre compte i descobrir&#8230; qu\u00e8 \u00e9s la pluja d&#8217;or relacionada amb la cristal\u00b7litzaci\u00f3 del iodur de plom (II), i la floculaci\u00f3 de la mat\u00e8ria org\u00e0nica d&#8217;una aigua residual? Sabeu qu\u00e8 passa quan s&#8217;entrecreua el pol\u00edmer PVA amb els polifosfats d&#8217;un detergent?<\/p>\n<p dir=\"auto\">Si ho trobeu, ja ens ho explicareu!<\/p>\n<\/div>\n<div dir=\"ltr\">\n<p dir=\"auto\">\n<\/div>\n","protected":false},"excerpt":{"rendered":"<p>L&#8217;alumnat de 4t de l&#8217;itinerari cient\u00edfic han treballat la part experimental del Projecte de Recerca, per altra banda els de 3r&#8230; no s&#8217;han estat de res, tampoc! <a href=\"https:\/\/drive.google.com\/drive\/folders\/1O7TPwzZq-cT6vg3Ixc93To7IvA_PeZ2I?usp=sharing\">Imatges aqu\u00ed.<\/a><br \/>\nPer aprofundir en el m\u00f3n de les fant\u00e0stiques reaccions qu\u00edmiques han fet diferents experiments al laboratori&hellip;  <a href=\"https:\/\/agora.xtec.cat\/instarragona\/portada\/reaccionem-ens-apropem-a-la-quimica\/\" title=\"Read Reaccionem? Ens apropem a la qu\u00edmica.\">Llegeix m\u00e9s\u00bb<\/a><\/p>\n","protected":false},"author":1,"featured_media":2220,"comment_status":"open","ping_status":"closed","sticky":false,"template":"","format":"standard","meta":{"_bbp_topic_count":0,"_bbp_reply_count":0,"_bbp_total_topic_count":0,"_bbp_total_reply_count":0,"_bbp_voice_count":0,"_bbp_anonymous_reply_count":0,"_bbp_topic_count_hidden":0,"_bbp_reply_count_hidden":0,"_bbp_forum_subforum_count":0,"footnotes":""},"categories":[29],"tags":[116],"class_list":["post-2219","post","type-post","status-publish","format-standard","has-post-thumbnail","hentry","category-portada","tag-ciencies"],"post_mailing_queue_ids":[],"_links":{"self":[{"href":"https:\/\/agora.xtec.cat\/instarragona\/wp-json\/wp\/v2\/posts\/2219","targetHints":{"allow":["GET"]}}],"collection":[{"href":"https:\/\/agora.xtec.cat\/instarragona\/wp-json\/wp\/v2\/posts"}],"about":[{"href":"https:\/\/agora.xtec.cat\/instarragona\/wp-json\/wp\/v2\/types\/post"}],"author":[{"embeddable":true,"href":"https:\/\/agora.xtec.cat\/instarragona\/wp-json\/wp\/v2\/users\/1"}],"replies":[{"embeddable":true,"href":"https:\/\/agora.xtec.cat\/instarragona\/wp-json\/wp\/v2\/comments?post=2219"}],"version-history":[{"count":3,"href":"https:\/\/agora.xtec.cat\/instarragona\/wp-json\/wp\/v2\/posts\/2219\/revisions"}],"predecessor-version":[{"id":2226,"href":"https:\/\/agora.xtec.cat\/instarragona\/wp-json\/wp\/v2\/posts\/2219\/revisions\/2226"}],"wp:featuredmedia":[{"embeddable":true,"href":"https:\/\/agora.xtec.cat\/instarragona\/wp-json\/wp\/v2\/media\/2220"}],"wp:attachment":[{"href":"https:\/\/agora.xtec.cat\/instarragona\/wp-json\/wp\/v2\/media?parent=2219"}],"wp:term":[{"taxonomy":"category","embeddable":true,"href":"https:\/\/agora.xtec.cat\/instarragona\/wp-json\/wp\/v2\/categories?post=2219"},{"taxonomy":"post_tag","embeddable":true,"href":"https:\/\/agora.xtec.cat\/instarragona\/wp-json\/wp\/v2\/tags?post=2219"}],"curies":[{"name":"wp","href":"https:\/\/api.w.org\/{rel}","templated":true}]}}