{"id":2203,"date":"2021-03-08T14:08:39","date_gmt":"2021-03-08T13:08:39","guid":{"rendered":"http:\/\/agora.xtec.cat\/instarragona\/?p=2203"},"modified":"2021-03-08T14:11:45","modified_gmt":"2021-03-08T13:11:45","slug":"8m","status":"publish","type":"post","link":"https:\/\/agora.xtec.cat\/instarragona\/portada\/8m\/","title":{"rendered":"8M"},"content":{"rendered":"<p>Des de l&#8217;institut Tarragona i des del Departament d\u2019Educaci\u00f3, en el <a href=\"https:\/\/dones.gencat.cat\/ca\/detalls\/Article\/origen_dia_internacional\" target=\"_blank\" rel=\"noopener noreferrer\">Dia Internacional de les Dones<\/a>, ens sumem al missatge d\u2019ONU Dones\u00a0<strong>Les dones al lideratge: assolir un futur igualitari en un m\u00f3n COVID-19.<\/strong><\/p>\n<p>Bona part de les professores i dels professors de l&#8217;institut ens hem vestit per l&#8217;ocasi\u00f3 i ha estat una bona manera de visualitzar la reivindicaci\u00f3 del 8M i la coher\u00e8ncia envers una reclamaci\u00f3 on dones i homes s&#8217;hi han de sentir cridats. Aqu\u00ed en tenim una petita mostra.<\/p>\n<p><img loading=\"lazy\" decoding=\"async\" class=\"aligncenter wp-image-2208 size-full\" src=\"https:\/\/agora.xtec.cat\/instarragona\/wp-content\/uploads\/usu484\/2021\/03\/IMG-20210308-WA0008.jpg\" alt=\"\" width=\"671\" height=\"628\" srcset=\"https:\/\/agora.xtec.cat\/instarragona\/wp-content\/uploads\/usu484\/2021\/03\/IMG-20210308-WA0008.jpg 671w, https:\/\/agora.xtec.cat\/instarragona\/wp-content\/uploads\/usu484\/2021\/03\/IMG-20210308-WA0008-300x281.jpg 300w\" sizes=\"auto, (max-width: 671px) 100vw, 671px\" \/><\/p>\n<p style=\"text-align: center;\"><span style=\"color: #cc99ff;\"><strong>SOC LA DONA DE LA MEUA VIDA<\/strong><\/span><\/p>\n<p>Especialment aquest curs volem insistir sobre els drets de les dones i la necessitat de la corresponsabilitat en les tasques de cura. El m\u00f3n de la cura, que passa per l\u2019autocura, la cura de l\u2019espai i les persones que ens envolten, fa possible el sosteniment de la vida i el benestar personal. Cal que tots i totes valorem les tasques de cura i ens hi involucrem.<\/p>\n<p><img loading=\"lazy\" decoding=\"async\" class=\"aligncenter wp-image-2204 size-full\" src=\"https:\/\/agora.xtec.cat\/instarragona\/wp-content\/uploads\/usu484\/2021\/03\/IMG-20210308-WA0002.jpg\" alt=\"\" width=\"1024\" height=\"614\" srcset=\"https:\/\/agora.xtec.cat\/instarragona\/wp-content\/uploads\/usu484\/2021\/03\/IMG-20210308-WA0002.jpg 1024w, https:\/\/agora.xtec.cat\/instarragona\/wp-content\/uploads\/usu484\/2021\/03\/IMG-20210308-WA0002-300x180.jpg 300w, https:\/\/agora.xtec.cat\/instarragona\/wp-content\/uploads\/usu484\/2021\/03\/IMG-20210308-WA0002-768x461.jpg 768w\" sizes=\"auto, (max-width: 1024px) 100vw, 1024px\" \/><\/p>\n","protected":false},"excerpt":{"rendered":"<p>Des de l&#8217;institut Tarragona i des del Departament d\u2019Educaci\u00f3, en el <a href=\"https:\/\/dones.gencat.cat\/ca\/detalls\/Article\/origen_dia_internacional\" target=\"_blank\" rel=\"noopener noreferrer\">Dia Internacional de les Dones<\/a>, ens sumem al missatge d\u2019ONU Dones\u00a0Les dones al lideratge: assolir un futur igualitari en un m\u00f3n COVID-19.<br \/>\nBona part de les professores i dels professors de&hellip;  <a href=\"https:\/\/agora.xtec.cat\/instarragona\/portada\/8m\/\" title=\"Read 8M\">Llegeix m\u00e9s\u00bb<\/a><\/p>\n","protected":false},"author":1,"featured_media":2208,"comment_status":"open","ping_status":"closed","sticky":false,"template":"","format":"standard","meta":{"_bbp_topic_count":0,"_bbp_reply_count":0,"_bbp_total_topic_count":0,"_bbp_total_reply_count":0,"_bbp_voice_count":0,"_bbp_anonymous_reply_count":0,"_bbp_topic_count_hidden":0,"_bbp_reply_count_hidden":0,"_bbp_forum_subforum_count":0,"footnotes":""},"categories":[29],"tags":[],"class_list":["post-2203","post","type-post","status-publish","format-standard","has-post-thumbnail","hentry","category-portada"],"post_mailing_queue_ids":[],"_links":{"self":[{"href":"https:\/\/agora.xtec.cat\/instarragona\/wp-json\/wp\/v2\/posts\/2203","targetHints":{"allow":["GET"]}}],"collection":[{"href":"https:\/\/agora.xtec.cat\/instarragona\/wp-json\/wp\/v2\/posts"}],"about":[{"href":"https:\/\/agora.xtec.cat\/instarragona\/wp-json\/wp\/v2\/types\/post"}],"author":[{"embeddable":true,"href":"https:\/\/agora.xtec.cat\/instarragona\/wp-json\/wp\/v2\/users\/1"}],"replies":[{"embeddable":true,"href":"https:\/\/agora.xtec.cat\/instarragona\/wp-json\/wp\/v2\/comments?post=2203"}],"version-history":[{"count":3,"href":"https:\/\/agora.xtec.cat\/instarragona\/wp-json\/wp\/v2\/posts\/2203\/revisions"}],"predecessor-version":[{"id":2211,"href":"https:\/\/agora.xtec.cat\/instarragona\/wp-json\/wp\/v2\/posts\/2203\/revisions\/2211"}],"wp:featuredmedia":[{"embeddable":true,"href":"https:\/\/agora.xtec.cat\/instarragona\/wp-json\/wp\/v2\/media\/2208"}],"wp:attachment":[{"href":"https:\/\/agora.xtec.cat\/instarragona\/wp-json\/wp\/v2\/media?parent=2203"}],"wp:term":[{"taxonomy":"category","embeddable":true,"href":"https:\/\/agora.xtec.cat\/instarragona\/wp-json\/wp\/v2\/categories?post=2203"},{"taxonomy":"post_tag","embeddable":true,"href":"https:\/\/agora.xtec.cat\/instarragona\/wp-json\/wp\/v2\/tags?post=2203"}],"curies":[{"name":"wp","href":"https:\/\/api.w.org\/{rel}","templated":true}]}}