{"id":2151,"date":"2021-02-12T12:07:13","date_gmt":"2021-02-12T11:07:13","guid":{"rendered":"http:\/\/agora.xtec.cat\/instarragona\/?p=2151"},"modified":"2021-02-18T13:36:47","modified_gmt":"2021-02-18T12:36:47","slug":"quina-es-la-mida-real","status":"publish","type":"post","link":"https:\/\/agora.xtec.cat\/instarragona\/eso\/eso-4\/quina-es-la-mida-real\/","title":{"rendered":"Quina \u00e9s la mida real?"},"content":{"rendered":"<p>A la mat\u00e8ria de tecnologia de 4t d&#8217;ESO els alumnes han treballat les escales d&#8217;ampliaci\u00f3 i reducci\u00f3 aplicades a l&#8217;habitatge. Com podem traspassar la mida d&#8217;una vivenda feta en un plano a mida real?<\/p>\n<p>Per descobrir-ho ens falta cordill, guix, cinta adhesiva&#8230; i ganes! <img loading=\"lazy\" decoding=\"async\" class=\" wp-image-2153 alignleft\" src=\"https:\/\/agora.xtec.cat\/instarragona\/wp-content\/uploads\/usu484\/2021\/02\/IMG_20210211_114705-226x300.jpg\" alt=\"\" width=\"264\" height=\"350\" srcset=\"https:\/\/agora.xtec.cat\/instarragona\/wp-content\/uploads\/usu484\/2021\/02\/IMG_20210211_114705-226x300.jpg 226w, https:\/\/agora.xtec.cat\/instarragona\/wp-content\/uploads\/usu484\/2021\/02\/IMG_20210211_114705.jpg 684w\" sizes=\"auto, (max-width: 264px) 100vw, 264px\" \/><span style=\"font-family: inherit; font-size: 1em;\">Aqu\u00ed teniu <\/span><a style=\"font-family: inherit; font-size: 1em;\" href=\"https:\/\/photos.app.goo.gl\/ctSkv6WqFZkhAt8FA\">l&#8217;\u00e0lbum<\/a><span style=\"font-family: inherit; font-size: 1em;\"> amb les imatges de l&#8217;activitat.<\/span><\/p>\n<p>&nbsp;<\/p>\n<p><img loading=\"lazy\" decoding=\"async\" class=\" wp-image-2154 alignleft\" src=\"https:\/\/agora.xtec.cat\/instarragona\/wp-content\/uploads\/usu484\/2021\/02\/IMG_20210211_114120-226x300.jpg\" alt=\"\" width=\"269\" height=\"357\" srcset=\"https:\/\/agora.xtec.cat\/instarragona\/wp-content\/uploads\/usu484\/2021\/02\/IMG_20210211_114120-226x300.jpg 226w, https:\/\/agora.xtec.cat\/instarragona\/wp-content\/uploads\/usu484\/2021\/02\/IMG_20210211_114120.jpg 689w\" sizes=\"auto, (max-width: 269px) 100vw, 269px\" \/><\/p>\n<p>&nbsp;<\/p>\n<p>&nbsp;<\/p>\n<p>&nbsp;<\/p>\n<p>&nbsp;<\/p>\n<p>&nbsp;<\/p>\n<p>&nbsp;<\/p>\n<p>&nbsp;<\/p>\n<p>&nbsp;<\/p>\n<p><iframe loading=\"lazy\" src=\"https:\/\/www.youtube.com\/embed\/eieTEtATeqY\" width=\"560\" height=\"315\" frameborder=\"0\"><\/iframe><br \/>\n&nbsp;<\/p>\n","protected":false},"excerpt":{"rendered":"<p>A la mat\u00e8ria de tecnologia de 4t d&#8217;ESO els alumnes han treballat les escales d&#8217;ampliaci\u00f3 i reducci\u00f3 aplicades a l&#8217;habitatge. Com podem traspassar la mida d&#8217;una vivenda feta en un plano a mida real?<br \/>\nPer descobrir-ho ens falta cordill, guix, cinta adhesiva&#8230; i ganes! Aqu\u00ed teniu&hellip;  <a href=\"https:\/\/agora.xtec.cat\/instarragona\/eso\/eso-4\/quina-es-la-mida-real\/\" title=\"Read Quina \u00e9s la mida real?\">Llegeix m\u00e9s\u00bb<\/a><\/p>\n","protected":false},"author":1,"featured_media":2152,"comment_status":"open","ping_status":"closed","sticky":false,"template":"","format":"standard","meta":{"_bbp_topic_count":0,"_bbp_reply_count":0,"_bbp_total_topic_count":0,"_bbp_total_reply_count":0,"_bbp_voice_count":0,"_bbp_anonymous_reply_count":0,"_bbp_topic_count_hidden":0,"_bbp_reply_count_hidden":0,"_bbp_forum_subforum_count":0,"footnotes":""},"categories":[7,29],"tags":[110],"class_list":["post-2151","post","type-post","status-publish","format-standard","has-post-thumbnail","hentry","category-eso-4","category-portada","tag-tecnologia"],"post_mailing_queue_ids":[],"_links":{"self":[{"href":"https:\/\/agora.xtec.cat\/instarragona\/wp-json\/wp\/v2\/posts\/2151","targetHints":{"allow":["GET"]}}],"collection":[{"href":"https:\/\/agora.xtec.cat\/instarragona\/wp-json\/wp\/v2\/posts"}],"about":[{"href":"https:\/\/agora.xtec.cat\/instarragona\/wp-json\/wp\/v2\/types\/post"}],"author":[{"embeddable":true,"href":"https:\/\/agora.xtec.cat\/instarragona\/wp-json\/wp\/v2\/users\/1"}],"replies":[{"embeddable":true,"href":"https:\/\/agora.xtec.cat\/instarragona\/wp-json\/wp\/v2\/comments?post=2151"}],"version-history":[{"count":3,"href":"https:\/\/agora.xtec.cat\/instarragona\/wp-json\/wp\/v2\/posts\/2151\/revisions"}],"predecessor-version":[{"id":2158,"href":"https:\/\/agora.xtec.cat\/instarragona\/wp-json\/wp\/v2\/posts\/2151\/revisions\/2158"}],"wp:featuredmedia":[{"embeddable":true,"href":"https:\/\/agora.xtec.cat\/instarragona\/wp-json\/wp\/v2\/media\/2152"}],"wp:attachment":[{"href":"https:\/\/agora.xtec.cat\/instarragona\/wp-json\/wp\/v2\/media?parent=2151"}],"wp:term":[{"taxonomy":"category","embeddable":true,"href":"https:\/\/agora.xtec.cat\/instarragona\/wp-json\/wp\/v2\/categories?post=2151"},{"taxonomy":"post_tag","embeddable":true,"href":"https:\/\/agora.xtec.cat\/instarragona\/wp-json\/wp\/v2\/tags?post=2151"}],"curies":[{"name":"wp","href":"https:\/\/api.w.org\/{rel}","templated":true}]}}